{"id":97,"date":"2016-07-05T12:33:45","date_gmt":"2016-07-05T15:33:45","guid":{"rendered":"http:\/\/celestinoadv.com.brsite\/?p=97"},"modified":"2022-09-29T13:27:24","modified_gmt":"2022-09-29T16:27:24","slug":"juiz-indefere-pedido-de-vinculo-por-parte-de-caminhoneiro-autonomo","status":"publish","type":"post","link":"https:\/\/celestinoadv.com.br\/blog\/juiz-indefere-pedido-de-vinculo-por-parte-de-caminhoneiro-autonomo\/","title":{"rendered":"Juiz indefere pedido de v\u00ednculo por parte de caminhoneiro aut\u00f4nomo"},"content":{"rendered":"<p>O Disciplinamento do Transporte, tratado pela Lei 11.442\/07, da Ag\u00eancia Nacional dos Transportes Terrestres (ANTT), n\u00e3o vem sendo daquelas determina\u00e7\u00f5es que ficam apenas no papel.<\/p>\n<p>Prova disso \u00e9 o fato de a lei esclarecer que n\u00e3o h\u00e1 v\u00ednculo empregat\u00edcio entre empresa e motorista aut\u00f4nomo.<\/p>\n<p>Em novembro do ano passado, um caminhoneiro agregado entrou com a\u00e7\u00e3o contra a Meca Transportes alegando ter rela\u00e7\u00e3o de emprego entre 1999 e 2005 na fun\u00e7\u00e3o de motorista.<\/p>\n<p>Argumentando que existia uma rela\u00e7\u00e3o de presta\u00e7\u00e3o de servi\u00e7os aut6onomos, sendo que o reclamante havia sido contratado para prestar servi\u00e7os de transporte de natureza puramente civil, com equipamento pr\u00f3prio, negando a exist\u00eancia de elementos caracterizadores de rela\u00e7\u00e3o de emprego, a Meca Transportes, atrav\u00e9s do advogado Celestino Ven\u00e2ncio Ramos, contestou.<\/p>\n<p>Depois de v\u00e1rios depoimentos, o caminhoneiro reconheceu que prestava servi\u00e7os com ve\u00edculo pr\u00f3prio para v\u00e1rias empresas concomitantemente, mediante frete pagamento por viagem, e que os custos do transportes eram por ele totalmente suportados.<\/p>\n<p>Sendo assim, ap\u00f3s minuciosa an\u00e1lise do caso, o juiz do trabalho Celso Ricardo Peel Furtado de Oliveira, respons\u00e1vel pela a\u00e7\u00e3o, indeferiu o pedido do motorista e declarou a inexist\u00eancia de emprego entre as partes.<\/p>\n<p>S\u00e3o os frutos do Disciplinamento do Transporte come\u00e7ando a serem colhidos.<\/p>\n<p><strong>* Artigo originalmente publicado no site da <\/strong><a title=\"Sindisan\" href=\"http:\/\/www.sindisan.com.br\/\" target=\"_blank\" rel=\"noopener\"><strong>Sindisan<\/strong><\/a><strong> em Fevereiro\/2008.<\/strong><\/p>\n<p class=\"p1\"><strong>\u201cCelestino Ven\u00e2ncio Ramos \u00e9 advogado e s\u00f3cio fundador do escrit\u00f3rio Celestino Ven\u00e2ncio Ramos Advocacia\u201d.<\/strong><\/p>\n","protected":false},"excerpt":{"rendered":"<p>O Disciplinamento do Transporte, tratado pela Lei 11.442\/07, da Ag\u00eancia Nacional dos Transportes Terrestres (ANTT), n\u00e3o vem sendo daquelas determina\u00e7\u00f5es que ficam apenas no papel. Prova disso \u00e9 o fato de a lei esclarecer que n\u00e3o h\u00e1 v\u00ednculo empregat\u00edcio entre empresa e motorista aut\u00f4nomo. Em novembro do ano passado, um caminhoneiro agregado entrou com a\u00e7\u00e3o [&hellip;]<\/p>\n","protected":false},"author":2,"featured_media":0,"comment_status":"closed","ping_status":"closed","sticky":false,"template":"","format":"standard","meta":{"om_disable_all_campaigns":false,"_monsterinsights_skip_tracking":false,"_monsterinsights_sitenote_active":false,"_monsterinsights_sitenote_note":"","_monsterinsights_sitenote_category":0,"footnotes":""},"categories":[82],"tags":[],"class_list":["post-97","post","type-post","status-publish","format-standard","hentry","category-trabalhista"],"aioseo_notices":[],"_links":{"self":[{"href":"https:\/\/celestinoadv.com.br\/blog\/wp-json\/wp\/v2\/posts\/97","targetHints":{"allow":["GET"]}}],"collection":[{"href":"https:\/\/celestinoadv.com.br\/blog\/wp-json\/wp\/v2\/posts"}],"about":[{"href":"https:\/\/celestinoadv.com.br\/blog\/wp-json\/wp\/v2\/types\/post"}],"author":[{"embeddable":true,"href":"https:\/\/celestinoadv.com.br\/blog\/wp-json\/wp\/v2\/users\/2"}],"replies":[{"embeddable":true,"href":"https:\/\/celestinoadv.com.br\/blog\/wp-json\/wp\/v2\/comments?post=97"}],"version-history":[{"count":1,"href":"https:\/\/celestinoadv.com.br\/blog\/wp-json\/wp\/v2\/posts\/97\/revisions"}],"predecessor-version":[{"id":712,"href":"https:\/\/celestinoadv.com.br\/blog\/wp-json\/wp\/v2\/posts\/97\/revisions\/712"}],"wp:attachment":[{"href":"https:\/\/celestinoadv.com.br\/blog\/wp-json\/wp\/v2\/media?parent=97"}],"wp:term":[{"taxonomy":"category","embeddable":true,"href":"https:\/\/celestinoadv.com.br\/blog\/wp-json\/wp\/v2\/categories?post=97"},{"taxonomy":"post_tag","embeddable":true,"href":"https:\/\/celestinoadv.com.br\/blog\/wp-json\/wp\/v2\/tags?post=97"}],"curies":[{"name":"wp","href":"https:\/\/api.w.org\/{rel}","templated":true}]}}