{"id":89,"date":"2016-07-07T12:28:23","date_gmt":"2016-07-07T15:28:23","guid":{"rendered":"http:\/\/celestinoadv.com.brsite\/?p=89"},"modified":"2022-09-29T13:27:11","modified_gmt":"2022-09-29T16:27:11","slug":"adicional-de-periculosidade","status":"publish","type":"post","link":"https:\/\/celestinoadv.com.br\/blog\/adicional-de-periculosidade\/","title":{"rendered":"Adicional de Periculosidade"},"content":{"rendered":"<p>Em recente decis\u00e3o do Tribunal Regional do Trabalho de S\u00e3o Paulo \u2013 2\u00aa Regi\u00e3o, com voto da Ju\u00edza Desembargadora Relatora Silvia Teresinha de Almeida Prado, a 8\u00aa Turma reconheceu que o Adicional de Periculosidade somente \u00e9 devido quando o motorista est\u00e1 na dire\u00e7\u00e3o do ve\u00edculo.<\/p>\n<p>\u00c9 de fundamental import\u00e2ncia para as Transportadoras ver reconhecida a validade de sua Conven\u00e7\u00e3o Coletiva de Trabalho, no que diz respeito ao pagamento do adicional de periculosidade proporcional ao tempo de exposi\u00e7\u00e3o ao risco e n\u00e3o sobre a jornada mensal.<\/p>\n<p>Embora a Constitui\u00e7\u00e3o Federal assegure as condi\u00e7\u00f5es m\u00ednimas de trabalho, tamb\u00e9m prestigia os Acordos e Conven\u00e7\u00f5es Coletivas de Trabalho em que as partes estabelecem livremente normas para vincular as rela\u00e7\u00f5es de trabalho.<\/p>\n<p>Consta da cl\u00e1usula <strong>D\u00e9cima-Quinta<\/strong>:<\/p>\n<p><strong>\u201cOcorrendo trabalho em condi\u00e7\u00f5es de periculosidade de modo eventual, descont\u00ednuo ou intermitente ao longo da jornada, o adicional de periculosidade incidir\u00e1 proporcionalmente, em fun\u00e7\u00e3o do tempo despendido pelo empregado na execu\u00e7\u00e3o da tarefa ou atividade em condi\u00e7\u00f5es de risco, projetando-se o c\u00e1lculo para toda a jornada contratual do dia da execu\u00e7\u00e3o da tarefa\u201d.<\/strong><\/p>\n<p>Sustenta o julgado mat\u00e9ria j\u00e1 pacificada pelo Tribunal Superior do Trabalho, na S\u00famula 364, item II abaixo transcrita:<\/p>\n<p>\u201c<strong>ADICIONAL DE PERICULOSIDADE, EXPOSI\u00c7\u00c3O EVENTUAL, PERMANENTE E INTERMITENTA\u201d \u2013 Faz jus ao adicional de periculosidade o empregado exposto permanentemente ou<\/strong><strong> que, de forma intermitente, suj<\/strong><strong>eita-se a condi\u00e7\u00f5es de risco. Indevido, apenas, quando o contato d\u00e1-se de forma eventual, assim considerado o fortuito, ou o que, sendo habitual, d\u00e1-se por tempo extremamente reduzido.<\/strong><\/p>\n<p><strong>II \u2013 A fixa\u00e7\u00e3o do adicional de periculosidade, em percentual interior ao legal e proporcional<\/strong><strong> ao tempo de exposi\u00e7\u00e3o ao<\/strong><\/p>\n<p><strong>risco, deve ser respeitada, <\/strong><strong><em>desde que pactuada em acordos ou conven\u00e7\u00f5es coletivas<\/em><\/strong><strong>.<\/strong> <strong>(<\/strong>grifos nossos).<\/p>\n<p>Demonstrada a legalidade e reconhecido o acordo que flexibilizou estabelecer jornada de trabalho de um dia em que foi executada a tarefa em condi\u00e7\u00f5es de risco, restou afastada a tese de que o adicional de periculosidade deve incidir sobre o m\u00eas completo.<\/p>\n<p>Isto vem afastar as injusti\u00e7as que resultavam nas Empresas que executavam alguns transportes em condi\u00e7\u00e3o de risco, muitas vezes para atender ao cliente e se viam compelidas a pagar diferen\u00e7as pelos hor\u00e1rios em que o motorista n\u00e3o ficava exposto.<\/p>\n<p>A decis\u00e3o referida por proferida no V.Ac\u00f3rd\u00e3o n. 20090124442, proc. TRT\/SP n. 01455-2004-445-02-007, em que figuram como partes LUIS WANDERLEI DE CARVALHO X \u00c1LAMO LOG\u00cdSTICA TRANSPORTES INTERNACIONAIS LTDA.<\/p>\n<p><strong>*Artigo originalmente publicado no site da <a title=\"Sindisan\" href=\"http:\/\/www.sindisan.com.br\/\" target=\"_blank\" rel=\"noopener\">Sindisan<\/a> em Abril\/2009<\/strong><\/p>\n<p class=\"p1\"><strong>\u201cCelestino Ven\u00e2ncio Ramos \u00e9 advogado e s\u00f3cio fundador do escrit\u00f3rio Celestino Ven\u00e2ncio Ramos Advocacia\u201d.<\/strong><\/p>\n","protected":false},"excerpt":{"rendered":"<p>Em recente decis\u00e3o do Tribunal Regional do Trabalho de S\u00e3o Paulo \u2013 2\u00aa Regi\u00e3o, com voto da Ju\u00edza Desembargadora Relatora Silvia Teresinha de Almeida Prado, a 8\u00aa Turma reconheceu que o Adicional de Periculosidade somente \u00e9 devido quando o motorista est\u00e1 na dire\u00e7\u00e3o do ve\u00edculo. \u00c9 de fundamental import\u00e2ncia para as Transportadoras ver reconhecida a [&hellip;]<\/p>\n","protected":false},"author":2,"featured_media":0,"comment_status":"closed","ping_status":"closed","sticky":false,"template":"","format":"standard","meta":{"om_disable_all_campaigns":false,"_monsterinsights_skip_tracking":false,"_monsterinsights_sitenote_active":false,"_monsterinsights_sitenote_note":"","_monsterinsights_sitenote_category":0,"footnotes":""},"categories":[82],"tags":[],"class_list":["post-89","post","type-post","status-publish","format-standard","hentry","category-trabalhista"],"aioseo_notices":[],"_links":{"self":[{"href":"https:\/\/celestinoadv.com.br\/blog\/wp-json\/wp\/v2\/posts\/89","targetHints":{"allow":["GET"]}}],"collection":[{"href":"https:\/\/celestinoadv.com.br\/blog\/wp-json\/wp\/v2\/posts"}],"about":[{"href":"https:\/\/celestinoadv.com.br\/blog\/wp-json\/wp\/v2\/types\/post"}],"author":[{"embeddable":true,"href":"https:\/\/celestinoadv.com.br\/blog\/wp-json\/wp\/v2\/users\/2"}],"replies":[{"embeddable":true,"href":"https:\/\/celestinoadv.com.br\/blog\/wp-json\/wp\/v2\/comments?post=89"}],"version-history":[{"count":1,"href":"https:\/\/celestinoadv.com.br\/blog\/wp-json\/wp\/v2\/posts\/89\/revisions"}],"predecessor-version":[{"id":710,"href":"https:\/\/celestinoadv.com.br\/blog\/wp-json\/wp\/v2\/posts\/89\/revisions\/710"}],"wp:attachment":[{"href":"https:\/\/celestinoadv.com.br\/blog\/wp-json\/wp\/v2\/media?parent=89"}],"wp:term":[{"taxonomy":"category","embeddable":true,"href":"https:\/\/celestinoadv.com.br\/blog\/wp-json\/wp\/v2\/categories?post=89"},{"taxonomy":"post_tag","embeddable":true,"href":"https:\/\/celestinoadv.com.br\/blog\/wp-json\/wp\/v2\/tags?post=89"}],"curies":[{"name":"wp","href":"https:\/\/api.w.org\/{rel}","templated":true}]}}