{"id":67,"date":"2016-07-18T13:51:02","date_gmt":"2016-07-18T16:51:02","guid":{"rendered":"http:\/\/celestinoadv.com.brsite\/?p=67"},"modified":"2022-09-29T13:25:53","modified_gmt":"2022-09-29T16:25:53","slug":"fgts-obrigatorio-ao-empregado-domestico","status":"publish","type":"post","link":"https:\/\/celestinoadv.com.br\/blog\/fgts-obrigatorio-ao-empregado-domestico\/","title":{"rendered":"FGTS obrigat\u00f3rio ao empregado dom\u00e9stico"},"content":{"rendered":"<p>O texto que regulamenta a emenda constitucional que amplia os direitos das empregadas dom\u00e9sticas, conhecida como \u201cPEC das Dom\u00e9sticas\u201d, foi publicado no &#8220;Di\u00e1rio Oficial da Uni\u00e3o&#8221; do \u00faltimo dia 02 de junho de 2015.<br \/>\nA Lei Complementar n\u00ba 150, de 1\u00ba de junho de 2015, que trata do regime do SIMPLES DOM\u00c9STICO foi sancionada pela presidente Dilma Rousseff e entra em vigor mais de dois anos depois da promulga\u00e7\u00e3o da PEC.<br \/>\nA regulamenta\u00e7\u00e3o estabelece o recolhimento obrigat\u00f3rio do FGTS a partir da compet\u00eancia 10\/2015, dentre outros, e da parcela relativa \u00e0 indeniza\u00e7\u00e3o compensat\u00f3ria da perda de emprego.<br \/>\nDesde o dia 1 \u00ba de outubro de 2015, est\u00e1 dispon\u00edvel no portal www.esocial.gov.br o M\u00f3dulo Simplificado onde \u00e9 poss\u00edvel ao empregador dom\u00e9stico se cadastrar e cadastrar seu trabalhador dom\u00e9stico.<br \/>\nCom isso, mais de um milh\u00e3o de trabalhadores dom\u00e9sticos passam a ter acesso aos benef\u00edcios previstos na Lei Complementar 150\/2015.<\/p>\n<p><strong>Marcel Borges Ramos \u00e9 advogado e membro do corpo jur\u00eddico do escrit\u00f3rio Celestino Ven\u00e2ncio Ramos Advocacia.<\/strong><\/p>\n","protected":false},"excerpt":{"rendered":"<p>O texto que regulamenta a emenda constitucional que amplia os direitos das empregadas dom\u00e9sticas, conhecida como \u201cPEC das Dom\u00e9sticas\u201d, foi publicado no &#8220;Di\u00e1rio Oficial da Uni\u00e3o&#8221; do \u00faltimo dia 02 de junho de 2015. A Lei Complementar n\u00ba 150, de 1\u00ba de junho de 2015, que trata do regime do SIMPLES DOM\u00c9STICO foi sancionada pela [&hellip;]<\/p>\n","protected":false},"author":2,"featured_media":0,"comment_status":"closed","ping_status":"closed","sticky":false,"template":"","format":"standard","meta":{"om_disable_all_campaigns":false,"_monsterinsights_skip_tracking":false,"_monsterinsights_sitenote_active":false,"_monsterinsights_sitenote_note":"","_monsterinsights_sitenote_category":0,"footnotes":""},"categories":[82],"tags":[],"class_list":["post-67","post","type-post","status-publish","format-standard","hentry","category-trabalhista"],"aioseo_notices":[],"_links":{"self":[{"href":"https:\/\/celestinoadv.com.br\/blog\/wp-json\/wp\/v2\/posts\/67","targetHints":{"allow":["GET"]}}],"collection":[{"href":"https:\/\/celestinoadv.com.br\/blog\/wp-json\/wp\/v2\/posts"}],"about":[{"href":"https:\/\/celestinoadv.com.br\/blog\/wp-json\/wp\/v2\/types\/post"}],"author":[{"embeddable":true,"href":"https:\/\/celestinoadv.com.br\/blog\/wp-json\/wp\/v2\/users\/2"}],"replies":[{"embeddable":true,"href":"https:\/\/celestinoadv.com.br\/blog\/wp-json\/wp\/v2\/comments?post=67"}],"version-history":[{"count":1,"href":"https:\/\/celestinoadv.com.br\/blog\/wp-json\/wp\/v2\/posts\/67\/revisions"}],"predecessor-version":[{"id":700,"href":"https:\/\/celestinoadv.com.br\/blog\/wp-json\/wp\/v2\/posts\/67\/revisions\/700"}],"wp:attachment":[{"href":"https:\/\/celestinoadv.com.br\/blog\/wp-json\/wp\/v2\/media?parent=67"}],"wp:term":[{"taxonomy":"category","embeddable":true,"href":"https:\/\/celestinoadv.com.br\/blog\/wp-json\/wp\/v2\/categories?post=67"},{"taxonomy":"post_tag","embeddable":true,"href":"https:\/\/celestinoadv.com.br\/blog\/wp-json\/wp\/v2\/tags?post=67"}],"curies":[{"name":"wp","href":"https:\/\/api.w.org\/{rel}","templated":true}]}}