{"id":463,"date":"2020-08-19T13:58:41","date_gmt":"2020-08-19T16:58:41","guid":{"rendered":"http:\/\/celestinoadv.com.br\/site\/?p=463"},"modified":"2022-10-06T15:02:12","modified_gmt":"2022-10-06T18:02:12","slug":"cartorios-comecam-a-monitorar-violencia-patrimonial-contra-idosos","status":"publish","type":"post","link":"https:\/\/celestinoadv.com.br\/blog\/cartorios-comecam-a-monitorar-violencia-patrimonial-contra-idosos\/","title":{"rendered":"Cart\u00f3rios come\u00e7am a monitorar viol\u00eancia patrimonial contra idosos"},"content":{"rendered":"<p>Os cart\u00f3rios de todo Brasil est\u00e3o participando da campanha nacional Cart\u00f3rio Protege Idosos, promovida pela Associa\u00e7\u00e3o dos Not\u00e1rios e Registradores do Brasil (Anoreg\/BR), que visa monitorar tentativas de viol\u00eancia patrimonial ou financeira contra idosos.<\/p>\n<p>A partir de agora, funcion\u00e1rios dos estabelecimentos estar\u00e3o atentos aos procedimentos envolvendo antecipa\u00e7\u00e3o de heran\u00e7a, venda de im\u00f3veis, movimenta\u00e7\u00e3o banc\u00e1r<span class=\"text_exposed_show\">ia e de benef\u00edcios e qualquer outro caso relacionado a bens e recursos sem autoriza\u00e7\u00e3o do idoso.<\/span><\/p>\n<div class=\"text_exposed_show\">\n<p>Quando for notado algum ind\u00edcio de coa\u00e7\u00e3o do idoso durante procedimento no cart\u00f3rio, os funcion\u00e1rios dever\u00e3o comunicar a situa\u00e7\u00e3o \u00e0 pol\u00edcia, \u00e0 Defensoria P\u00fablica ou ao Minist\u00e9rio P\u00fablico.<\/p>\n<p><!--more--><\/p>\n<p>A medida foi adotada com base na Recomenda\u00e7\u00e3o 46, emitida no m\u00eas passado pelo Conselho Nacional de Justi\u00e7a (CNJ).<\/p>\n<p>Ap\u00f3s receber informa\u00e7\u00f5es do Minist\u00e9rio da Mulher, da Fam\u00edlia e dos Direitos Humanos sobre o aumento dos casos de viol\u00eancia nos \u00faltimos anos, o CNJ sugeriu a aplica\u00e7\u00e3o de medidas preventivas para coibir a pr\u00e1tica de abusos contra pessoas idosas. Os cart\u00f3rios s\u00e3o fiscalizados pelo Judici\u00e1rio.<\/p>\n<p>De acordo com os dados do minist\u00e9rio que foram enviados ao conselho, os casos de viol\u00eancia patrimonial contra idosos tiveram aumento de 19% em 2019. Em 2020, com o isolamento social, a situa\u00e7\u00e3o pode ficar mais grave, de acordo com o CNJ.<\/p>\n<p>O n\u00famero faz parte do balan\u00e7o mais recente das liga\u00e7\u00f5es feitas ao Disque 100, servi\u00e7o telef\u00f4nico para recebimento de den\u00fancias de qualquer tipo de viol\u00eancia.<br \/>\nPelo Estatuto do Idoso, \u00e9 crime apropriar-se de ou desviar bens, proventos, pens\u00e3o ou qualquer outro rendimento do idoso. A pena \u00e9 de 1 a 4 anos de pris\u00e3o.<\/p>\n<p>Fonte: <a href=\"https:\/\/www.contabeis.com.br\/noticias\/43783\/cartorios-comecam-a-monitorar-violencia-patrimonial-contra-idosos\/?fbclid=IwAR2L0aBWNC0iYsA0ZmzsSnZEMvINXvvOANbvOzHdJsixvQqyLffvxV-k18U\" target=\"_blank\" rel=\"noopener nofollow\" data-ft=\"{&quot;tn&quot;:&quot;-U&quot;}\" data-lynx-mode=\"async\" data-lynx-uri=\"https:\/\/l.facebook.com\/l.php?u=https%3A%2F%2Fwww.contabeis.com.br%2Fnoticias%2F43783%2Fcartorios-comecam-a-monitorar-violencia-patrimonial-contra-idosos%2F%3Ffbclid%3DIwAR2L0aBWNC0iYsA0ZmzsSnZEMvINXvvOANbvOzHdJsixvQqyLffvxV-k18U&amp;h=AT0SB0UkD6gTB7211Ese_Ken6I77jk3ab3NRdAxPeQ0Z63mUH1VmlkOs8_ncKYPVEkyk2vjCZKRpvVESX4FZFj5KQ-faKGwHNbFDPJQQcHsxr7nyOFa1RGUKSYVTxjwR1Cvpv7B7NPHlwFCd3p8hEEkG1wvzFehSs8lSWideahb7_Oj_aMJNP-XylSBCkGaxyHns5JegUQy_ogvSEM4qwKXTtqrzO8uZCtRz0qv6j_JvzTvRAxQKL2840Erafh0_9uQ9pPyE6-72rO83B5AvdqS_6bjHd-J2Kz6RwUBKAAefIO5rpmpeu1QFsCi2DwfOpE_Luka4ijPZyIN4zTVmvnru4vk7iP-9U-T2YWE-UtsLJpLS75n8kCb_Q8YEi6k5oHJcJIoMF03xhmYq4jHlVSkRSai0XjoeYLrkJnaDAfmrnIM9f8LjxU3UtX3sE8_pR0hNrDP0NxTUBxS6C3K338oqlNG2pTtD_i8P4haWzciyQabhHZ8aX-tWMqitGjKKfRClEPCatUQ1UoJ17f_RSNzI_fQ-eVYbK2Qj_ckuLKQ606Tr3gpK4MU_3Q7MtXhTS-A_CTcnrFR2WpBPDEQpmZ7LIMaVKsN-T5miZ3FmoZNGF53_XiHYFGONnXcw9lUx\">https:\/\/www.contabeis.com.br\/\u2026\/cartorios-comecam-a-monitor\u2026\/<\/a><\/p>\n<p>Experi\u00eancia e tradi\u00e7\u00e3o na advocacia desde 1974.<br \/>\n<a href=\"https:\/\/l.facebook.com\/l.php?u=http%3A%2F%2Fwww.celestinoadv.com.br%2F%3Ffbclid%3DIwAR0W7axuJQg8xBQXqdJ4xFMgQ4i-d-PPMDWEfcFpkDU538NVIdnSElaHyQs&amp;h=AT0R7M-7A3HH6UXYTQmLFtnk6cnSW3QkoYoufO-CJH6IZoaiG3rcvb0ZBm6mMnxPL3-yy8ynElAeuzwmxeRZ5nkHReie1YFabP0Qb9Cwo9nyreEuhstYsWKVxDxZixULQKZulDocoVGXR4Lu1xACvnNeQ0bocGu2Y_OeJoXWCdK_xcAeIPwyEe0nZ_dbt7z0Mu4miezMTN3DSWj1GfKGT2CFAycAkg2A4K29iWOu2yUgdQ4BEOc3EpUAmpt6lgOKxYHPHlF34R75Bj0d4OSXlbCpaE4e8rjiNKgLYTIPScuKw1rfAY9X_IdbEsaR8XcqQ-ckDJ9QpJqtlpipjWpSLmGeJBm_YLccfImdCBrLVjWIwElhE8DgXqDlK2PBPU6m1pCGW_PgvkB10ymAHBgClEAhw6QYTdfNmMFS4mSyoVrtKOGys5gMd4T9dUJGK7ES4_yAD8JqLwOXv4lAJbKNeF46lGzYCo_pnQHQNXJo2LgRH6lJuMCbak0c14FffXvE1AZVTfLZTkGFLwoPuFHwg5s3inKrJAdWI4h7OEQ4DdYCcUiOHEfdk-UpApE46BizPWl8C-tVBVINxPzYyyV-AX-a5HxCrpD3d-TfnM8ES1Xq8KrfrBn_OnX4Q3XE3id1\" target=\"_blank\" rel=\"noopener nofollow\" data-ft=\"{&quot;tn&quot;:&quot;-U&quot;}\" data-lynx-mode=\"async\">www.celestinoadv.com.br<\/a><\/p>\n<\/div>\n<p>&nbsp;<\/p>\n<p>&nbsp;<\/p>\n","protected":false},"excerpt":{"rendered":"<p>Os cart\u00f3rios de todo Brasil est\u00e3o participando da campanha nacional Cart\u00f3rio Protege Idosos, promovida pela Associa\u00e7\u00e3o dos Not\u00e1rios e Registradores do Brasil (Anoreg\/BR), que visa monitorar tentativas de viol\u00eancia patrimonial ou financeira contra idosos. A partir de agora, funcion\u00e1rios dos estabelecimentos estar\u00e3o atentos aos procedimentos envolvendo antecipa\u00e7\u00e3o de heran\u00e7a, venda de im\u00f3veis, movimenta\u00e7\u00e3o banc\u00e1ria e [&hellip;]<\/p>\n","protected":false},"author":2,"featured_media":724,"comment_status":"closed","ping_status":"closed","sticky":false,"template":"","format":"standard","meta":{"om_disable_all_campaigns":false,"_monsterinsights_skip_tracking":false,"_monsterinsights_sitenote_active":false,"_monsterinsights_sitenote_note":"","_monsterinsights_sitenote_category":0,"footnotes":""},"categories":[85],"tags":[],"class_list":["post-463","post","type-post","status-publish","format-standard","has-post-thumbnail","hentry","category-previdenciario"],"aioseo_notices":[],"_links":{"self":[{"href":"https:\/\/celestinoadv.com.br\/blog\/wp-json\/wp\/v2\/posts\/463","targetHints":{"allow":["GET"]}}],"collection":[{"href":"https:\/\/celestinoadv.com.br\/blog\/wp-json\/wp\/v2\/posts"}],"about":[{"href":"https:\/\/celestinoadv.com.br\/blog\/wp-json\/wp\/v2\/types\/post"}],"author":[{"embeddable":true,"href":"https:\/\/celestinoadv.com.br\/blog\/wp-json\/wp\/v2\/users\/2"}],"replies":[{"embeddable":true,"href":"https:\/\/celestinoadv.com.br\/blog\/wp-json\/wp\/v2\/comments?post=463"}],"version-history":[{"count":3,"href":"https:\/\/celestinoadv.com.br\/blog\/wp-json\/wp\/v2\/posts\/463\/revisions"}],"predecessor-version":[{"id":771,"href":"https:\/\/celestinoadv.com.br\/blog\/wp-json\/wp\/v2\/posts\/463\/revisions\/771"}],"wp:featuredmedia":[{"embeddable":true,"href":"https:\/\/celestinoadv.com.br\/blog\/wp-json\/wp\/v2\/media\/724"}],"wp:attachment":[{"href":"https:\/\/celestinoadv.com.br\/blog\/wp-json\/wp\/v2\/media?parent=463"}],"wp:term":[{"taxonomy":"category","embeddable":true,"href":"https:\/\/celestinoadv.com.br\/blog\/wp-json\/wp\/v2\/categories?post=463"},{"taxonomy":"post_tag","embeddable":true,"href":"https:\/\/celestinoadv.com.br\/blog\/wp-json\/wp\/v2\/tags?post=463"}],"curies":[{"name":"wp","href":"https:\/\/api.w.org\/{rel}","templated":true}]}}