{"id":455,"date":"2020-08-19T13:53:02","date_gmt":"2020-08-19T16:53:02","guid":{"rendered":"http:\/\/celestinoadv.com.br\/site\/?p=455"},"modified":"2022-10-06T15:03:22","modified_gmt":"2022-10-06T18:03:22","slug":"projeto-inclui-covid-19-entre-doencas-graves-que-garantem-auxilio-sem-carencia","status":"publish","type":"post","link":"https:\/\/celestinoadv.com.br\/blog\/projeto-inclui-covid-19-entre-doencas-graves-que-garantem-auxilio-sem-carencia\/","title":{"rendered":"Projeto inclui Covid-19 entre doen\u00e7as graves que garantem aux\u00edlio sem car\u00eancia"},"content":{"rendered":"<p>O Projeto de Lei 1113\/20 inclui a Covid-19 no rol de enfermidades graves que isenta os segurados do Regime Geral de Previd\u00eancia Social (RGPS) do cumprimento da car\u00eancia para a concess\u00e3o dos benef\u00edcios de aux\u00edlio-doen\u00e7a e da aposentadoria por invalidez.<\/p>\n<p>Segundo o autor da proposta, deputado Rodrigo Coelho (PSB-SC), a inclus\u00e3o, da Covid-19 \u00e9 urgente e necess\u00e1ria para os segurados terem prote\u00e7\u00e3o previ<span class=\"text_exposed_show\">denci\u00e1ria no per\u00edodo de cont\u00e1gio. \u201cNo caso do segurado que conseguiu empregar-se recentemente e for infectado, sequer ter\u00e1 direito ao benef\u00edcio pelas regras atuais\u201d, diz.<\/span><\/p>\n<p><!--more--><\/p>\n<div class=\"text_exposed_show\">\n<p>Ao PL 1113\/20 foi apensado o PL 3480\/20, que tem o mesmo fim. O texto foi apresentado pelos deputados do PCdoB Renildo Calheiros (PE), Jandira Feghali (RJ) e Perp\u00e9tua Almeida (AC).<\/p>\n<p>Eles alegam que a Organiza\u00e7\u00e3o Internacional do Trabalho (OIT) recomenda que, a lista nacional de doen\u00e7as ocupacionais deve incluir, entre outras, aquelas causadas por agentes biol\u00f3gicos no trabalho, quando for estabelecida liga\u00e7\u00e3o direta entre a exposi\u00e7\u00e3o a esses agentes a doen\u00e7a contra\u00edda no trabalho.<\/p>\n<p>O PL 1113\/20 e o apensado foram distribu\u00eddos para as comiss\u00f5es de Seguridade Social e Fam\u00edlia; de Finan\u00e7as e Tributa\u00e7\u00e3o; e de Constitui\u00e7\u00e3o e Justi\u00e7a e de Cidadania. Por\u00e9m, como ganharam regime de urg\u00eancia, os textos poder\u00e3o ser votados diretamente pelo Plen\u00e1rio da C\u00e2mara.<br \/>\nFonte: <a href=\"https:\/\/advogadodigitalbr.jusbrasil.com.br\/noticias\/866932365\/projeto-inclui-covid-19-entre-doencas-graves-que-garantem-auxilio-sem-carencia?ref=feed&amp;fbclid=IwAR08Ja0zuLOQqYTMymBbQqLFBCTeG5sSozaQPUeJDjxtkAnvWk2z91wxvhE\" target=\"_blank\" rel=\"noopener nofollow\" data-ft=\"{&quot;tn&quot;:&quot;-U&quot;}\" data-lynx-mode=\"async\" data-lynx-uri=\"https:\/\/l.facebook.com\/l.php?u=https%3A%2F%2Fadvogadodigitalbr.jusbrasil.com.br%2Fnoticias%2F866932365%2Fprojeto-inclui-covid-19-entre-doencas-graves-que-garantem-auxilio-sem-carencia%3Fref%3Dfeed%26fbclid%3DIwAR08Ja0zuLOQqYTMymBbQqLFBCTeG5sSozaQPUeJDjxtkAnvWk2z91wxvhE&amp;h=AT0k81fEDjyiTlrPDoK2TojzfTYf4bZEz_TVwgb9vyKnxlSwaphwYiVykGzl1WTDIdKw7zVjiDmR0oEdQhhfgz5HJcQCxPtPEFhybtY53oFfHCBX6_sYv3ineS-QydUkHPO9woNhYaZjljHMHwphzqSCZaFUTqkc4ypHCadEicOR1mqdBht48jefnMS2Fnyjergmrg3ujrAihYiZxa1Gfps_oDE5IVccYiMMBW-s7KSXTsjS963qpL8vFVYj2zJOujWm6eYWlWDctdbJfPQ1wOqRqSNx5U7acp_tQdD8xSTHghwXP6LFXn0z1GBh4FGcCVLN6r_Tt9a_QGnJF-2VgTjLDG27qkmEWslimSiSRhKDvyiI321_mXS_v_jLHqxsLBZ-FqPWJSQIdZNEA0PrZgIJv5SM6kvKlqp7hKTHyL0yTSZdN62wsCqJufBaiQ77e92ZOznMGMOE-r7eqPukrU3UjxEoc956gZJgVASFSLKoCxCH4sFex-QEwb1O6QW3u9MtXv5oKds-W1r_x946tWDTmXrnPPy1tdvoEWAokuwxmQBhS2qhXqcuEUunsEDiaqq5f4DoVMLLFDEnDyLKqtAjmZ3G8xuJrlA3lhjjN3q__nP4JgZyiiAzcALcciaJWRc2Mbg\">https:\/\/advogadodigitalbr.jusbrasil.com.br\/\u2026\/projeto-inclui\u2026<\/a><\/p>\n<p>Experi\u00eancia e tradi\u00e7\u00e3o na advocacia desde 1974.<br \/>\n<a href=\"https:\/\/l.facebook.com\/l.php?u=http%3A%2F%2Fwww.celestinoadv.com.br%2F%3Ffbclid%3DIwAR34xuGwyJudb-oBZ9vD9MhgewnGp_Ss6D6RDup7RImDIMTdF-d0Ubp4OpI&amp;h=AT1hup3-JoYVihwf42JyQ8IOIChJEJ1U3Sy66wUkZArsGUcxZCZF0npTHvyOETYlqPyfeHjzlaOUQkUaAY3SwFvxphWfCV0eDoxqequbwf9X8vu8wjG2QKn-OP_Ixty7iErGLzpwxLncWpxV_4UUslePLnZLcsEPh7z11hueUoZsMk7_heNh7bAN88zNzawVge1hLu6VvIzF9LXKHlHNBh_VmDlduCIxM1K1Ko0-FdyFfKqGQY2MYhOWu2Z5Fm0Puq_p46UZ8Cp4BL6HEFk7xMWLm1EPNuJBNoP3yWPS0rgsBYd16j3i9xQuJS3ulCkHjmRgT9rl7mX8QkHhZtfPJqSMROeFT2vUdhZhHegVOlqLiIgvBoqpQWKoRICy6NbgkjMbiQgyf4XCWkLh4s6BUyi9m2uJbn09oDzZJfvN6BVq1erjocjPTHSDUY1zNEVHHt1SUzmk_EjIXpezRHFJeS3A-qxWa7TOkd2s3ebgN6zblQ36lgboHEZU9tnL3PeC7tcXUTSdw_oC85CkUq4ehvVBEiZxFiwqXFS2fDF6uWrMFMU3wXwdMQktTiXGmntfepfLcEjQ2t1o6MWKHqud7-yVQ-Zlqo157GBuCpRBVLlOqpyxo29Iqn6BQC80n_X9\" target=\"_blank\" rel=\"noopener nofollow\" data-ft=\"{&quot;tn&quot;:&quot;-U&quot;}\" data-lynx-mode=\"async\">www.celestinoadv.com.br<\/a><\/p>\n<\/div>\n","protected":false},"excerpt":{"rendered":"<p>O Projeto de Lei 1113\/20 inclui a Covid-19 no rol de enfermidades graves que isenta os segurados do Regime Geral de Previd\u00eancia Social (RGPS) do cumprimento da car\u00eancia para a concess\u00e3o dos benef\u00edcios de aux\u00edlio-doen\u00e7a e da aposentadoria por invalidez. Segundo o autor da proposta, deputado Rodrigo Coelho (PSB-SC), a inclus\u00e3o, da Covid-19 \u00e9 urgente [&hellip;]<\/p>\n","protected":false},"author":2,"featured_media":0,"comment_status":"closed","ping_status":"closed","sticky":false,"template":"","format":"standard","meta":{"om_disable_all_campaigns":false,"_monsterinsights_skip_tracking":false,"_monsterinsights_sitenote_active":false,"_monsterinsights_sitenote_note":"","_monsterinsights_sitenote_category":0,"footnotes":""},"categories":[85],"tags":[],"class_list":["post-455","post","type-post","status-publish","format-standard","hentry","category-previdenciario"],"aioseo_notices":[],"_links":{"self":[{"href":"https:\/\/celestinoadv.com.br\/blog\/wp-json\/wp\/v2\/posts\/455","targetHints":{"allow":["GET"]}}],"collection":[{"href":"https:\/\/celestinoadv.com.br\/blog\/wp-json\/wp\/v2\/posts"}],"about":[{"href":"https:\/\/celestinoadv.com.br\/blog\/wp-json\/wp\/v2\/types\/post"}],"author":[{"embeddable":true,"href":"https:\/\/celestinoadv.com.br\/blog\/wp-json\/wp\/v2\/users\/2"}],"replies":[{"embeddable":true,"href":"https:\/\/celestinoadv.com.br\/blog\/wp-json\/wp\/v2\/comments?post=455"}],"version-history":[{"count":2,"href":"https:\/\/celestinoadv.com.br\/blog\/wp-json\/wp\/v2\/posts\/455\/revisions"}],"predecessor-version":[{"id":775,"href":"https:\/\/celestinoadv.com.br\/blog\/wp-json\/wp\/v2\/posts\/455\/revisions\/775"}],"wp:attachment":[{"href":"https:\/\/celestinoadv.com.br\/blog\/wp-json\/wp\/v2\/media?parent=455"}],"wp:term":[{"taxonomy":"category","embeddable":true,"href":"https:\/\/celestinoadv.com.br\/blog\/wp-json\/wp\/v2\/categories?post=455"},{"taxonomy":"post_tag","embeddable":true,"href":"https:\/\/celestinoadv.com.br\/blog\/wp-json\/wp\/v2\/tags?post=455"}],"curies":[{"name":"wp","href":"https:\/\/api.w.org\/{rel}","templated":true}]}}