{"id":451,"date":"2020-08-19T13:50:27","date_gmt":"2020-08-19T16:50:27","guid":{"rendered":"http:\/\/celestinoadv.com.br\/site\/?p=451"},"modified":"2022-09-29T13:09:33","modified_gmt":"2022-09-29T16:09:33","slug":"auxilio-emergencial-quem-vai-precisar-devolver","status":"publish","type":"post","link":"https:\/\/celestinoadv.com.br\/blog\/auxilio-emergencial-quem-vai-precisar-devolver\/","title":{"rendered":"Aux\u00edlio Emergencial. Quem vai precisar devolver?"},"content":{"rendered":"<p>Durante o per\u00edodo de tr\u00eas meses um aux\u00edlio emergencial no valor de R$600,00, deve ser pago para um grupo de pessoas consideradas de maior vulnerabilidade socioecon\u00f4mica, durante a crise gerada pela pandemia da Covid19.<!--more--><\/p>\n<p><span class=\"text_exposed_show\">Dentre os requisitos para recebimento desse aux\u00edlio \u00e9 que o benefici\u00e1rio n\u00e3o tenha emprego formal e que n\u00e3o seja titular de benef\u00edcio previdenci\u00e1rio ou assistencial, seguro-desemprego ou de programa federal de transfer\u00eancia de renda, com exce\u00e7\u00e3o ao Bolsa Fam\u00edlia.<\/span><\/p>\n<div class=\"text_exposed_show\">\n<p>Al\u00e9m disso, o aux\u00edlio somente \u00e9 devido para os que possuem renda familiar per capita de at\u00e9 \u00bd sal\u00e1rio-m\u00ednimo, o que significa uma m\u00e9dia de R$ 522,50, por membro da fam\u00edlia. Ou que a renda familiar mensal total seja de at\u00e9 3 sal\u00e1rios m\u00ednimos (R$ 3.135,00). Outro requisito \u00e9 que n\u00e3o poder\u00e1 receber o aux\u00edlio quem, no ano de 2018, recebeu rendimentos tribut\u00e1veis acima de R$ 28.559,70.<\/p>\n<p>Assim, visando oferecer aux\u00edlio financeiro para a parcela da popula\u00e7\u00e3o com maior dificuldade econ\u00f4mica, a lei criou alguns par\u00e2metros, com base no rendimento da pessoa, para definir quem teria direito ao benef\u00edcio.<\/p>\n<p>De forma complementar e ainda com o intuito de oferecer aux\u00edlio apenas \u00e0queles em situa\u00e7\u00e3o de maior vulnerabilidade, outra lei foi publicada em 14\/05\/20, criando nova regra que determina a devolu\u00e7\u00e3o do valor recebido, em determinada hip\u00f3tese.<\/p>\n<p>Com a nova lei, quem, durante o ano de 2020, sem contabilizar o aux\u00edlio emergencial, tiver rendimento superior a primeira faixa da tabela progressiva anual do Imposto de Renda de Pessoa F\u00edsica (que, atualmente, \u00e9 de R$ 28.559,70) ter\u00e1 que incluir em sua declara\u00e7\u00e3o do imposto de renda, como \u201ctributo devido\u201d, o valor recebido a t\u00edtulo de aux\u00edlio emergencial.<br \/>\nResumindo: quem recebeu o aux\u00edlio emergencial de R$ 600,00 mensais e, em 2020, tiver obtido uma renda anual superior a R$ 28.559,70, com origem em outras fontes e sem contar o valor do aux\u00edlio, no pr\u00f3ximo ano ter\u00e1 que devolver toda a quantia recebida, na forma de imposto.<\/p>\n<p><span class=\"_5afx\"><span class=\"_58cl _5afz\">#<\/span><span class=\"_58cm\">Advogados<\/span><\/span> <span class=\"_5afx\"><span class=\"_58cl _5afz\">#<\/span><span class=\"_58cm\">Advocacia<\/span><\/span> <span class=\"_5afx\"><span class=\"_58cl _5afz\">#<\/span><span class=\"_58cm\">CVRadvocacia<\/span><\/span> <span class=\"_5afx\"><span class=\"_58cl _5afz\">#<\/span><span class=\"_58cm\">COViD19 <\/span><\/span>#AuxilioEmergencial<br \/>\nExperi\u00eancia e tradi\u00e7\u00e3o na advocacia desde 1974.<br \/>\n<a href=\"https:\/\/l.facebook.com\/l.php?u=http%3A%2F%2Fwww.celestinoadv.com.br%2F%3Ffbclid%3DIwAR3jjTeiX_X7JHXQiG0wvF7MG3biMlPH5I0wGOkxeowx1vNCoQ9T9tLR7bY&amp;h=AT06epoQQUZDIlh_NUbaM_RUrHwbUEXBKP3x0Vclg5CgZ_d5gMfUz7D4m6akDhY3_sBkJo4SobH8bCc6AUtQ2p9mtwhhkPZMtpbfDftmIih5AV5ljMLApwPw_Ir4coehgQxFlyU4aaa8KNooQJtfefyVd3JzMwuybthtYgVvj0SsAncq66m3Ry-Vq7-q93l7fcche_HeF3Tem5sJty0OLnkAT4eoiahaVHBVebXr1p3cTXg85t0n7DWlAHiaSw4ry0BVbdrUtPavRRTb_YIJ_Jo2cDvb3iCThz12dBmqNzYURsbyyp4VFa5_GezwXmpaBP_H8xL9N_xDut9WBS_akkP3odD7oUQI4ClxpVBvHc2aCGO_Pqf05W5OkKIE5ivjpUp7o4UUe5Ec7KAONJ9j0esa7yhSUgjWhKXBtLIrYGfgj1Mn-wiGYH-8HQTyTTJYw8mIZxgAYaPhoh6lZ10DGhYECyTdgTk4XeWo_0eXhd1My8Ho-RtYkfGP8P8LpOAoAZCgnQh4ub1O4CiEJA3BbGbF9KGdipK__WINp64xHhlEENfFcAwieGWKTcAVR3hxCUs3_43C2inx5J3m_1uhRpMiKqeQv9hCNKQyAc5mNGMAGRuN3Guad6X2-J7OsXqp\" target=\"_blank\" rel=\"noopener nofollow\" data-ft=\"{&quot;tn&quot;:&quot;-U&quot;}\" data-lynx-mode=\"async\">www.celestinoadv.com.br<\/a><\/p>\n<\/div>\n","protected":false},"excerpt":{"rendered":"<p>Durante o per\u00edodo de tr\u00eas meses um aux\u00edlio emergencial no valor de R$600,00, deve ser pago para um grupo de pessoas consideradas de maior vulnerabilidade socioecon\u00f4mica, durante a crise gerada pela pandemia da Covid19.<\/p>\n","protected":false},"author":2,"featured_media":0,"comment_status":"closed","ping_status":"closed","sticky":false,"template":"","format":"standard","meta":{"om_disable_all_campaigns":false,"_monsterinsights_skip_tracking":false,"_monsterinsights_sitenote_active":false,"_monsterinsights_sitenote_note":"","_monsterinsights_sitenote_category":0,"footnotes":""},"categories":[82],"tags":[],"class_list":["post-451","post","type-post","status-publish","format-standard","hentry","category-trabalhista"],"aioseo_notices":[],"_links":{"self":[{"href":"https:\/\/celestinoadv.com.br\/blog\/wp-json\/wp\/v2\/posts\/451","targetHints":{"allow":["GET"]}}],"collection":[{"href":"https:\/\/celestinoadv.com.br\/blog\/wp-json\/wp\/v2\/posts"}],"about":[{"href":"https:\/\/celestinoadv.com.br\/blog\/wp-json\/wp\/v2\/types\/post"}],"author":[{"embeddable":true,"href":"https:\/\/celestinoadv.com.br\/blog\/wp-json\/wp\/v2\/users\/2"}],"replies":[{"embeddable":true,"href":"https:\/\/celestinoadv.com.br\/blog\/wp-json\/wp\/v2\/comments?post=451"}],"version-history":[{"count":1,"href":"https:\/\/celestinoadv.com.br\/blog\/wp-json\/wp\/v2\/posts\/451\/revisions"}],"predecessor-version":[{"id":623,"href":"https:\/\/celestinoadv.com.br\/blog\/wp-json\/wp\/v2\/posts\/451\/revisions\/623"}],"wp:attachment":[{"href":"https:\/\/celestinoadv.com.br\/blog\/wp-json\/wp\/v2\/media?parent=451"}],"wp:term":[{"taxonomy":"category","embeddable":true,"href":"https:\/\/celestinoadv.com.br\/blog\/wp-json\/wp\/v2\/categories?post=451"},{"taxonomy":"post_tag","embeddable":true,"href":"https:\/\/celestinoadv.com.br\/blog\/wp-json\/wp\/v2\/tags?post=451"}],"curies":[{"name":"wp","href":"https:\/\/api.w.org\/{rel}","templated":true}]}}