{"id":449,"date":"2020-08-19T13:48:13","date_gmt":"2020-08-19T16:48:13","guid":{"rendered":"http:\/\/celestinoadv.com.br\/site\/?p=449"},"modified":"2022-09-29T13:09:40","modified_gmt":"2022-09-29T16:09:40","slug":"lgpd-e-gdpr-tendencias-legislativas-do-setor-juridico-para-2020","status":"publish","type":"post","link":"https:\/\/celestinoadv.com.br\/blog\/lgpd-e-gdpr-tendencias-legislativas-do-setor-juridico-para-2020\/","title":{"rendered":"LGPD e GDPR &#8211; Tend\u00eancias legislativas do setor jur\u00eddico para 2020"},"content":{"rendered":"<p>LGPD e GDPR<\/p>\n<p>A LGPD (Lei Geral de Prote\u00e7\u00e3o de Dados Pessoais) nova lei que regula o tratamento de dados pessoais sancionada em 2018, A LGPD (Lei Geral de Prote\u00e7\u00e3o de Dados Pessoais) nova lei que regula o tratamento de dados pessoais sancionada em 2018, est\u00e1 prevista para vigorar em maio de 2021. O per\u00edodo de vac\u00e2ncia da lei tem como objetivo oferecer um tempo para que as pessoas, as empresas e o governo se adaptem \u00e0s novas r<span class=\"text_exposed_show\">egras.<\/span><!--more--><\/p>\n<div class=\"text_exposed_show\">\n<p>Inspirada na GDPR (General Data Protection Regulation), a lei europeia sobre o tema, a LGPD traz mais rigor e controle em rela\u00e7\u00e3o \u00e0 coleta e ao uso e tratamento de dados pessoais. Sobretudo nas pr\u00e1ticas online, a lei causa profundos impactos na gest\u00e3o de informa\u00e7\u00f5es das empresas.<\/p>\n<p>Para garantir privacidade e seguran\u00e7a, os usu\u00e1rios passam a ter mais direitos. Eles devem, por exemplo, receber informa\u00e7\u00f5es sobre o uso de seus dados e podem pedir a exclus\u00e3o de suas informa\u00e7\u00f5es nos bancos de dados das empresas.<\/p>\n<p>Em contrapartida, as empresas devem oferecer transpar\u00eancia e finalidade leg\u00edtima quanto ao armazenamento e tratamento de dados, al\u00e9m de obten\u00e7\u00e3o de consentimento do titular para uso de seus dados pessoais.<\/p>\n<p>Veja mais em <a href=\"https:\/\/blog.teclogica.com.br\/tendencias-do-setor-juridico\/?fbclid=IwAR2it_qJLw-gQ1ZpDwyAdoU8Wh5mlJ5PodKTimUiS4VsZxkShafxNYs3tbc\" target=\"_blank\" rel=\"noopener nofollow\" data-ft=\"{&quot;tn&quot;:&quot;-U&quot;}\" data-lynx-mode=\"async\" data-lynx-uri=\"https:\/\/l.facebook.com\/l.php?u=https%3A%2F%2Fblog.teclogica.com.br%2Ftendencias-do-setor-juridico%2F%3Ffbclid%3DIwAR2it_qJLw-gQ1ZpDwyAdoU8Wh5mlJ5PodKTimUiS4VsZxkShafxNYs3tbc&amp;h=AT0dlsIO13UFHUJOftZuOGNVLGCMelaqXb3qPtuPMpi19bPar_eFpw1QOQREXtSSjEa4ui8QYrXgM7h_aizjEKDonnQDdo7y25BqgrqfZ4hs2_5kXgvQz7XRkISO4tgctSbGZZSEK1YRwTbKAQSuws5sQoEjqVw2rLOsZ5nDHC5mDTFIeQ_NS1mJ3XLGk9BaEME8guT4D3xU-Pjv_YMKor-HR-2uReblMr7tXwT_8u_oEVLmjz1es0UxFC6WNZqs-srq9UH94xEXM2-ezQGTUCdmdFMGgZBMKzullMk5HW1vppuc2NR_0QFK-6Gzvjs-7cPyXJrMR37ohR_ATlaeX9KKHwZfdVj0ZEioCS6hmTJnNreSZ-hHxJWoczWnTRmJh7YMvjacGJjA72FmJ0Mv2bz4nn1eAh0Ziy_MS7c4PEITl5PDGffFAa9AI7S62QYDT9d6I5qaUuIbvaccN9H9scLkRQ4Zz_fqK2odOiHoyCm2weL9BgbjHbpSJrvkojkkaRacOqHwdS0GOHEVKanuyYvSLUrUOrVuivjVPu3X4bAabjUj-ibBUoanGvLhdIcjTqjEOrLVEKt467lGlA0lToaGBdNYZmqqRbsvNGQzoDlwUvb_OiZtARq3JRPUeHhI\">https:\/\/blog.teclogica.com.br\/tendencias-do-setor-juridico\/<\/a><\/p>\n<p><a class=\"_58cn\" href=\"https:\/\/business.facebook.com\/hashtag\/advogados?source=feed_text&amp;epa=HASHTAG&amp;__xts__%5B0%5D=68.ARBBnqRYuhGfpFI9zJXeFM3zC49xe0E8fCoExunXS4Wd9ohxh_KpUGF_z25ZtCbUo1bKC68JEXUFPSXBdcuBfIjXoGgkvfrJMjLbSHrqOqOAESawSa8qg-fApMbbvH-1Uiu6GvNI5vJtk7chqyK7mjR1wRapugI3RFK3BXr2Y7zvKJwyaHGfUlpv4IKbRvmmOkmLbtaiWz7xe59VZvLB_GJ0vOd_P5b66Nf7fYfAt6fNVVZfe2gHxoYh0bzugtaJjbfYXNNsioiczXx0UG064Dq3ayOagRmNl2XNPS0PfY8GFJ2lmHT6frUagLFWB3JmU6wmpO3FnOFhfq57oY1VJQw&amp;__tn__=%2ANK-R\" data-ft=\"{&quot;type&quot;:104,&quot;tn&quot;:&quot;*N&quot;}\"><span class=\"_5afx\"><span class=\"_58cl _5afz\">#<\/span><span class=\"_58cm\">Advogados<\/span><\/span><\/a> <a class=\"_58cn\" href=\"https:\/\/business.facebook.com\/hashtag\/advocacia?source=feed_text&amp;epa=HASHTAG&amp;__xts__%5B0%5D=68.ARBBnqRYuhGfpFI9zJXeFM3zC49xe0E8fCoExunXS4Wd9ohxh_KpUGF_z25ZtCbUo1bKC68JEXUFPSXBdcuBfIjXoGgkvfrJMjLbSHrqOqOAESawSa8qg-fApMbbvH-1Uiu6GvNI5vJtk7chqyK7mjR1wRapugI3RFK3BXr2Y7zvKJwyaHGfUlpv4IKbRvmmOkmLbtaiWz7xe59VZvLB_GJ0vOd_P5b66Nf7fYfAt6fNVVZfe2gHxoYh0bzugtaJjbfYXNNsioiczXx0UG064Dq3ayOagRmNl2XNPS0PfY8GFJ2lmHT6frUagLFWB3JmU6wmpO3FnOFhfq57oY1VJQw&amp;__tn__=%2ANK-R\" data-ft=\"{&quot;type&quot;:104,&quot;tn&quot;:&quot;*N&quot;}\"><span class=\"_5afx\"><span class=\"_58cl _5afz\">#<\/span><span class=\"_58cm\">Advocacia<\/span><\/span><\/a> <a class=\"_58cn\" href=\"https:\/\/business.facebook.com\/hashtag\/cvradvocacia?source=feed_text&amp;epa=HASHTAG&amp;__xts__%5B0%5D=68.ARBBnqRYuhGfpFI9zJXeFM3zC49xe0E8fCoExunXS4Wd9ohxh_KpUGF_z25ZtCbUo1bKC68JEXUFPSXBdcuBfIjXoGgkvfrJMjLbSHrqOqOAESawSa8qg-fApMbbvH-1Uiu6GvNI5vJtk7chqyK7mjR1wRapugI3RFK3BXr2Y7zvKJwyaHGfUlpv4IKbRvmmOkmLbtaiWz7xe59VZvLB_GJ0vOd_P5b66Nf7fYfAt6fNVVZfe2gHxoYh0bzugtaJjbfYXNNsioiczXx0UG064Dq3ayOagRmNl2XNPS0PfY8GFJ2lmHT6frUagLFWB3JmU6wmpO3FnOFhfq57oY1VJQw&amp;__tn__=%2ANK-R\" data-ft=\"{&quot;type&quot;:104,&quot;tn&quot;:&quot;*N&quot;}\"><span class=\"_5afx\"><span class=\"_58cl _5afz\">#<\/span><span class=\"_58cm\">CVRadvocacia<\/span><\/span><\/a> <a class=\"_58cn\" href=\"https:\/\/business.facebook.com\/hashtag\/lgdp?source=feed_text&amp;epa=HASHTAG&amp;__xts__%5B0%5D=68.ARBBnqRYuhGfpFI9zJXeFM3zC49xe0E8fCoExunXS4Wd9ohxh_KpUGF_z25ZtCbUo1bKC68JEXUFPSXBdcuBfIjXoGgkvfrJMjLbSHrqOqOAESawSa8qg-fApMbbvH-1Uiu6GvNI5vJtk7chqyK7mjR1wRapugI3RFK3BXr2Y7zvKJwyaHGfUlpv4IKbRvmmOkmLbtaiWz7xe59VZvLB_GJ0vOd_P5b66Nf7fYfAt6fNVVZfe2gHxoYh0bzugtaJjbfYXNNsioiczXx0UG064Dq3ayOagRmNl2XNPS0PfY8GFJ2lmHT6frUagLFWB3JmU6wmpO3FnOFhfq57oY1VJQw&amp;__tn__=%2ANK-R\" data-ft=\"{&quot;type&quot;:104,&quot;tn&quot;:&quot;*N&quot;}\"><span class=\"_5afx\"><span class=\"_58cl _5afz\">#<\/span><span class=\"_58cm\">LGDP<\/span><\/span><\/a>#GDPR<\/p>\n<p>Experi\u00eancia e tradi\u00e7\u00e3o na advocacia desde 1974.<br \/>\n<a href=\"https:\/\/l.facebook.com\/l.php?u=http%3A%2F%2Fwww.celestinoadv.com.br%2F%3Ffbclid%3DIwAR0077MmPcNnnO3NQZsvGq6o15RqwMHPEk6EeJykpUUtHPRfmrhedqbl0Qw&amp;h=AT1eoM7IBQ8cAaULPIyzHnGhbtPoUPB3SbQnzuEbLzm0bVPOzKsTpwpEQFD1-AYFYIpMwq4CnYo9h6ej7lIwpSXd5t1d34YTfwTjFr_NDo1BllzBCyYKUL7O-ohcfgQMCKvDmnRlGbuWZ9jWdUWJYCQxBMz-4ENtjlnbNAjcUEMv95OSD1GhStJ18pPLyvOsl_WbVH3JV6GSRkW7iHKcAxMw_mkZp8sw7qalM0UjaeQwbvW7zoBSGknLMfHPyZjbXUzIxcP9dbLxZMrNdiA-EcjG7DACAvKWXLorqjzgjXGorlxvi1YLgzbaAH-ptzwlQ_Xz4ZARkp1JCXCvf7_fFJtXbU8iDUKIP51HZPKt6Q6_GamaLSAQc6l4fjdsDkY5xEqcKhowRXy8zFVeecUc-9ewx2w6o1kdtbv5sGrV2X9JqptAoJL5fq5D1nNhJL-Gn_yc8-APCCHNXvbp6ViT9ycomTOjMJ9OlXI-yBAY7bSyht3i16D0xhCQ7WsUOSCgXkXvs4YYhgZ0qQnhyRLzJWn_AMjjN_NusExAR9QSv4nquwq_WodRzjlCAmMcDlnbBqye6heTo3nHhM8IaW6QD8OYw5zdHMK3ZFdQJRpdPumk0UHcEWNXozxur0FrHvJ0\" target=\"_blank\" rel=\"noopener nofollow\" data-ft=\"{&quot;tn&quot;:&quot;-U&quot;}\" data-lynx-mode=\"async\">www.celestinoadv.com.br<\/a><\/p>\n<\/div>\n","protected":false},"excerpt":{"rendered":"<p>LGPD e GDPR A LGPD (Lei Geral de Prote\u00e7\u00e3o de Dados Pessoais) nova lei que regula o tratamento de dados pessoais sancionada em 2018, A LGPD (Lei Geral de Prote\u00e7\u00e3o de Dados Pessoais) nova lei que regula o tratamento de dados pessoais sancionada em 2018, est\u00e1 prevista para vigorar em maio de 2021. O per\u00edodo [&hellip;]<\/p>\n","protected":false},"author":2,"featured_media":729,"comment_status":"closed","ping_status":"closed","sticky":false,"template":"","format":"standard","meta":{"om_disable_all_campaigns":false,"_monsterinsights_skip_tracking":false,"_monsterinsights_sitenote_active":false,"_monsterinsights_sitenote_note":"","_monsterinsights_sitenote_category":0,"footnotes":""},"categories":[90,84],"tags":[],"class_list":["post-449","post","type-post","status-publish","format-standard","has-post-thumbnail","hentry","category-civel","category-consumidor"],"aioseo_notices":[],"_links":{"self":[{"href":"https:\/\/celestinoadv.com.br\/blog\/wp-json\/wp\/v2\/posts\/449","targetHints":{"allow":["GET"]}}],"collection":[{"href":"https:\/\/celestinoadv.com.br\/blog\/wp-json\/wp\/v2\/posts"}],"about":[{"href":"https:\/\/celestinoadv.com.br\/blog\/wp-json\/wp\/v2\/types\/post"}],"author":[{"embeddable":true,"href":"https:\/\/celestinoadv.com.br\/blog\/wp-json\/wp\/v2\/users\/2"}],"replies":[{"embeddable":true,"href":"https:\/\/celestinoadv.com.br\/blog\/wp-json\/wp\/v2\/comments?post=449"}],"version-history":[{"count":1,"href":"https:\/\/celestinoadv.com.br\/blog\/wp-json\/wp\/v2\/posts\/449\/revisions"}],"predecessor-version":[{"id":624,"href":"https:\/\/celestinoadv.com.br\/blog\/wp-json\/wp\/v2\/posts\/449\/revisions\/624"}],"wp:featuredmedia":[{"embeddable":true,"href":"https:\/\/celestinoadv.com.br\/blog\/wp-json\/wp\/v2\/media\/729"}],"wp:attachment":[{"href":"https:\/\/celestinoadv.com.br\/blog\/wp-json\/wp\/v2\/media?parent=449"}],"wp:term":[{"taxonomy":"category","embeddable":true,"href":"https:\/\/celestinoadv.com.br\/blog\/wp-json\/wp\/v2\/categories?post=449"},{"taxonomy":"post_tag","embeddable":true,"href":"https:\/\/celestinoadv.com.br\/blog\/wp-json\/wp\/v2\/tags?post=449"}],"curies":[{"name":"wp","href":"https:\/\/api.w.org\/{rel}","templated":true}]}}