{"id":445,"date":"2020-08-19T13:45:48","date_gmt":"2020-08-19T16:45:48","guid":{"rendered":"http:\/\/celestinoadv.com.br\/site\/?p=445"},"modified":"2022-09-29T13:10:05","modified_gmt":"2022-09-29T16:10:05","slug":"credito-emergencial-para-pequenos-negocios","status":"publish","type":"post","link":"https:\/\/celestinoadv.com.br\/blog\/credito-emergencial-para-pequenos-negocios\/","title":{"rendered":"Cr\u00e9dito emergencial para pequenos neg\u00f3cios"},"content":{"rendered":"<p>Por meio da lei 13.999 de 18\/05\/2020, foi institu\u00eddo o Programa Nacional de Apoio \u00e0s Microempresas e Empresas de Pequeno Porte (Pronampe), linha de cr\u00e9dito \u00e0s microempresas (faturamento bruto igual ou inferior a R$ 360 mil) e empresas de pequeno porte (faturamento bruto entre R$ 360 mil e R$ 4,8 milh\u00f5es), com objetivo de desenvolver e fortalecer os pequenos neg\u00f3cios.<!--more--><\/p>\n<p>Os recursos recebidos no \u00e2mbito do Pronampe servir\u00e3o ao financiamento da atividade empresarial nas suas divers<span class=\"text_exposed_show\">as dimens\u00f5es e poder\u00e3o ser utilizados para investimentos e para capital de giro isolado e associado, vedada a sua destina\u00e7\u00e3o para distribui\u00e7\u00e3o de lucros e dividendos entre os s\u00f3cios.<\/span><\/p>\n<div class=\"text_exposed_show\">\n<p>O valor liberado poder\u00e1 ser dividido em at\u00e9 36 meses, com taxa de juros anual m\u00e1xima igual \u00e0 taxa Selic (3% ao ano atualmente), acrescida de 1,25% sobre o valor concedido.<\/p>\n<p>A linha de cr\u00e9dito corresponder\u00e1 a at\u00e9 30% da receita bruta anual de 2019, e, no caso das empresas que tenham menos de 1 ano de funcionamento, o limite do empr\u00e9stimo corresponder\u00e1 a at\u00e9 50% do seu capital social ou a at\u00e9 30% da m\u00e9dia de seu faturamento mensal apurado desde o in\u00edcio de suas atividades, o que for mais vantajoso.<\/p>\n<p>Todas as institui\u00e7\u00f5es financeiras autorizadas a funcionar pelo Banco Central, p\u00fablicas e privadas, poder\u00e3o operar a linha de cr\u00e9dito.<\/p>\n<p>Autora: Dra. Edv\u00e2nia Nunes de Souza<\/p>\n<p><a class=\"_58cn\" href=\"https:\/\/business.facebook.com\/hashtag\/advogados?source=feed_text&amp;epa=HASHTAG&amp;__xts__%5B0%5D=68.ARAjUGb6pDRHNJ6AVD0SjfrrdWAxu3jv9S8iKoSkOMt7mcrnhrmg_ASCSodpC-MmDUnY1zVb-Vi0Na9jVN4eNoFZE6PNKVfX59PNHzUdfqgOMcc5DLrsvJInkH8rCBAAv5vwclaZWLd52GL_CSelj494fzFv0dLdgIDaWPpkv14EAUcBpi22ukE7LprhOOsQbAIQN1j4eukbuq_uUZtxdM6aZVK50zMWqKrzwzkr2A0LjZxrmOgFaToe3xsT0LNxUkh-F_iX_6cSzZx2tCTq6QaHmx3QsD8QwYEIoEUPlLorl_KojTEuR3FeOmCFKeQ200sSpJYrS4ZaV6E_3h3S8fA&amp;__tn__=%2ANK-R\" data-ft=\"{&quot;type&quot;:104,&quot;tn&quot;:&quot;*N&quot;}\"><span class=\"_5afx\"><span class=\"_58cl _5afz\">#<\/span><span class=\"_58cm\">Advogados<\/span><\/span><\/a> <a class=\"_58cn\" href=\"https:\/\/business.facebook.com\/hashtag\/advocacia?source=feed_text&amp;epa=HASHTAG&amp;__xts__%5B0%5D=68.ARAjUGb6pDRHNJ6AVD0SjfrrdWAxu3jv9S8iKoSkOMt7mcrnhrmg_ASCSodpC-MmDUnY1zVb-Vi0Na9jVN4eNoFZE6PNKVfX59PNHzUdfqgOMcc5DLrsvJInkH8rCBAAv5vwclaZWLd52GL_CSelj494fzFv0dLdgIDaWPpkv14EAUcBpi22ukE7LprhOOsQbAIQN1j4eukbuq_uUZtxdM6aZVK50zMWqKrzwzkr2A0LjZxrmOgFaToe3xsT0LNxUkh-F_iX_6cSzZx2tCTq6QaHmx3QsD8QwYEIoEUPlLorl_KojTEuR3FeOmCFKeQ200sSpJYrS4ZaV6E_3h3S8fA&amp;__tn__=%2ANK-R\" data-ft=\"{&quot;type&quot;:104,&quot;tn&quot;:&quot;*N&quot;}\"><span class=\"_5afx\"><span class=\"_58cl _5afz\">#<\/span><span class=\"_58cm\">Advocacia<\/span><\/span><\/a> <a class=\"_58cn\" href=\"https:\/\/business.facebook.com\/hashtag\/cr\u00e9dito?source=feed_text&amp;epa=HASHTAG&amp;__xts__%5B0%5D=68.ARAjUGb6pDRHNJ6AVD0SjfrrdWAxu3jv9S8iKoSkOMt7mcrnhrmg_ASCSodpC-MmDUnY1zVb-Vi0Na9jVN4eNoFZE6PNKVfX59PNHzUdfqgOMcc5DLrsvJInkH8rCBAAv5vwclaZWLd52GL_CSelj494fzFv0dLdgIDaWPpkv14EAUcBpi22ukE7LprhOOsQbAIQN1j4eukbuq_uUZtxdM6aZVK50zMWqKrzwzkr2A0LjZxrmOgFaToe3xsT0LNxUkh-F_iX_6cSzZx2tCTq6QaHmx3QsD8QwYEIoEUPlLorl_KojTEuR3FeOmCFKeQ200sSpJYrS4ZaV6E_3h3S8fA&amp;__tn__=%2ANK-R\" data-ft=\"{&quot;type&quot;:104,&quot;tn&quot;:&quot;*N&quot;}\"><span class=\"_5afx\"><span class=\"_58cl _5afz\">#<\/span><span class=\"_58cm\">Cr\u00e9dito<\/span><\/span><\/a> <a class=\"_58cn\" href=\"https:\/\/business.facebook.com\/hashtag\/cvradvocacia?source=feed_text&amp;epa=HASHTAG&amp;__xts__%5B0%5D=68.ARAjUGb6pDRHNJ6AVD0SjfrrdWAxu3jv9S8iKoSkOMt7mcrnhrmg_ASCSodpC-MmDUnY1zVb-Vi0Na9jVN4eNoFZE6PNKVfX59PNHzUdfqgOMcc5DLrsvJInkH8rCBAAv5vwclaZWLd52GL_CSelj494fzFv0dLdgIDaWPpkv14EAUcBpi22ukE7LprhOOsQbAIQN1j4eukbuq_uUZtxdM6aZVK50zMWqKrzwzkr2A0LjZxrmOgFaToe3xsT0LNxUkh-F_iX_6cSzZx2tCTq6QaHmx3QsD8QwYEIoEUPlLorl_KojTEuR3FeOmCFKeQ200sSpJYrS4ZaV6E_3h3S8fA&amp;__tn__=%2ANK-R\" data-ft=\"{&quot;type&quot;:104,&quot;tn&quot;:&quot;*N&quot;}\"><span class=\"_5afx\"><span class=\"_58cl _5afz\">#<\/span><span class=\"_58cm\">CVRadvocacia<\/span><\/span><\/a> <a class=\"_58cn\" href=\"https:\/\/business.facebook.com\/hashtag\/empreendedorismo?source=feed_text&amp;epa=HASHTAG&amp;__xts__%5B0%5D=68.ARAjUGb6pDRHNJ6AVD0SjfrrdWAxu3jv9S8iKoSkOMt7mcrnhrmg_ASCSodpC-MmDUnY1zVb-Vi0Na9jVN4eNoFZE6PNKVfX59PNHzUdfqgOMcc5DLrsvJInkH8rCBAAv5vwclaZWLd52GL_CSelj494fzFv0dLdgIDaWPpkv14EAUcBpi22ukE7LprhOOsQbAIQN1j4eukbuq_uUZtxdM6aZVK50zMWqKrzwzkr2A0LjZxrmOgFaToe3xsT0LNxUkh-F_iX_6cSzZx2tCTq6QaHmx3QsD8QwYEIoEUPlLorl_KojTEuR3FeOmCFKeQ200sSpJYrS4ZaV6E_3h3S8fA&amp;__tn__=%2ANK-R\" data-ft=\"{&quot;type&quot;:104,&quot;tn&quot;:&quot;*N&quot;}\"><span class=\"_5afx\"><span class=\"_58cl _5afz\">#<\/span><span class=\"_58cm\">Empreendedorismo<\/span><\/span><\/a><br \/>\nExperi\u00eancia e tradi\u00e7\u00e3o na advocacia desde 1974.<br \/>\n<a href=\"http:\/\/www.celestinoadv.com.br\/?fbclid=IwAR2saS0f7E5SBKMI9AssfaIMIHJIdsrARz0KAlZiEXUNZB7gpoDzz-vXXGA\" target=\"_blank\" rel=\"noopener nofollow\" data-ft=\"{&quot;tn&quot;:&quot;-U&quot;}\" data-lynx-mode=\"async\" data-lynx-uri=\"https:\/\/l.facebook.com\/l.php?u=http%3A%2F%2Fwww.celestinoadv.com.br%2F%3Ffbclid%3DIwAR2saS0f7E5SBKMI9AssfaIMIHJIdsrARz0KAlZiEXUNZB7gpoDzz-vXXGA&amp;h=AT1LQ907L14nQ9-tOMOzmA5l9ZaIHhuH7xWWqatqqRphY6ns76PzijOB49cpzRWosA_8DG_9naxJkIMzwPxrQ5UHOdSJ2BY0fP-t0CIH5ZnuynO6HhYjBwjbTyQAnK9czj35UXLQ_A8Nke9AfeNfukeZSNT-TYgglfZ5ZYn-Zffn65S1qTkuxo_U-u29SXcWOaAFrP6CPj81lk-FDVmAjZSvxW8joUwVGW3SFA9WTQ-yXrc0_CRv9d6176kBsdrntWLlk9Xzyv4Npp5dPOXT2ljg52eUSrSbOETofE0IKVLsS22yY49poblJ_7xrBurjFoab9M80XVDWG4oyiXKL6bbRrkLebY8VtM4QdwQN2P-jW2BjKvzc1jDkCM2jZHGl2Tg_G1VklHdZxFDs82j4QWXycP9j2GsSgFsIL22kvq4SlfJsk9qNDRjpBw_UuP8tsQyo2VkLqoSZHfmHG8pErNbyVZIXk3LOFIoTAwXbPa0jj0xpcCWw_nvEYHJ2L5hpV-PDBxhRbVg-_ha5H94A0Gn-HEn4C_dtucvW7GtPTqztPh1WtCls8PJTkd2FeqsK_-0do_eNcsvXJX8ERohsfL83IG01nyqKg-Ak4xnOwtyhaRwIAMT9p4W9jWUsLVF1\">www.celestinoadv.com.br<\/a><\/p>\n<\/div>\n","protected":false},"excerpt":{"rendered":"<p>Por meio da lei 13.999 de 18\/05\/2020, foi institu\u00eddo o Programa Nacional de Apoio \u00e0s Microempresas e Empresas de Pequeno Porte (Pronampe), linha de cr\u00e9dito \u00e0s microempresas (faturamento bruto igual ou inferior a R$ 360 mil) e empresas de pequeno porte (faturamento bruto entre R$ 360 mil e R$ 4,8 milh\u00f5es), com objetivo de desenvolver [&hellip;]<\/p>\n","protected":false},"author":2,"featured_media":0,"comment_status":"closed","ping_status":"closed","sticky":false,"template":"","format":"standard","meta":{"om_disable_all_campaigns":false,"_monsterinsights_skip_tracking":false,"_monsterinsights_sitenote_active":false,"_monsterinsights_sitenote_note":"","_monsterinsights_sitenote_category":0,"footnotes":""},"categories":[88],"tags":[],"class_list":["post-445","post","type-post","status-publish","format-standard","hentry","category-bancario"],"aioseo_notices":[],"_links":{"self":[{"href":"https:\/\/celestinoadv.com.br\/blog\/wp-json\/wp\/v2\/posts\/445","targetHints":{"allow":["GET"]}}],"collection":[{"href":"https:\/\/celestinoadv.com.br\/blog\/wp-json\/wp\/v2\/posts"}],"about":[{"href":"https:\/\/celestinoadv.com.br\/blog\/wp-json\/wp\/v2\/types\/post"}],"author":[{"embeddable":true,"href":"https:\/\/celestinoadv.com.br\/blog\/wp-json\/wp\/v2\/users\/2"}],"replies":[{"embeddable":true,"href":"https:\/\/celestinoadv.com.br\/blog\/wp-json\/wp\/v2\/comments?post=445"}],"version-history":[{"count":1,"href":"https:\/\/celestinoadv.com.br\/blog\/wp-json\/wp\/v2\/posts\/445\/revisions"}],"predecessor-version":[{"id":627,"href":"https:\/\/celestinoadv.com.br\/blog\/wp-json\/wp\/v2\/posts\/445\/revisions\/627"}],"wp:attachment":[{"href":"https:\/\/celestinoadv.com.br\/blog\/wp-json\/wp\/v2\/media?parent=445"}],"wp:term":[{"taxonomy":"category","embeddable":true,"href":"https:\/\/celestinoadv.com.br\/blog\/wp-json\/wp\/v2\/categories?post=445"},{"taxonomy":"post_tag","embeddable":true,"href":"https:\/\/celestinoadv.com.br\/blog\/wp-json\/wp\/v2\/tags?post=445"}],"curies":[{"name":"wp","href":"https:\/\/api.w.org\/{rel}","templated":true}]}}