{"id":443,"date":"2020-08-19T13:44:37","date_gmt":"2020-08-19T16:44:37","guid":{"rendered":"http:\/\/celestinoadv.com.br\/site\/?p=443"},"modified":"2022-09-29T13:10:45","modified_gmt":"2022-09-29T16:10:45","slug":"seis-novos-exames-que-auxiliam-no-tratamento-da-covid19-estao-incluidos-na-lista-de-coberturas-obrigatorias-dos-planos-de-saude","status":"publish","type":"post","link":"https:\/\/celestinoadv.com.br\/blog\/seis-novos-exames-que-auxiliam-no-tratamento-da-covid19-estao-incluidos-na-lista-de-coberturas-obrigatorias-dos-planos-de-saude\/","title":{"rendered":"Seis novos exames, que auxiliam no tratamento da Covid19, est\u00e3o inclu\u00eddos na lista de coberturas obrigat\u00f3rias dos planos de sa\u00fade"},"content":{"rendered":"<p>A Ag\u00eancia Nacional de Sa\u00fade Suplementar (ANS) incluiu mais seis exames que auxiliam no diagn\u00f3stico e tratamento do novo Coronav\u00edrus na lista de coberturas obrigat\u00f3rias dos planos de sa\u00fade. A decis\u00e3o foi tomada pela Diretoria Colegiada em reuni\u00e3o realizada na quarta-feira (27\/05). A medida passa a valer em 29\/05, data de publica\u00e7\u00e3o da Resolu\u00e7\u00e3o Normativa n\u00ba 457 no Di\u00e1rio Oficial da Uni\u00e3o.<!--more--><\/p>\n<p>Passam a ser de cobertura obrigat\u00f3ria para os benefici\u00e1rios de planos de sa\u00fade nas segm<span class=\"text_exposed_show\">enta\u00e7\u00f5es ambulatorial, hospitalar e refer\u00eancia os seguintes testes: <\/span><\/p>\n<div class=\"text_exposed_show\">\n<p>&#8211; D\u00edmero D (dosagem)<br \/>\n&#8211; Procalcitonina (dosagem)<br \/>\n&#8211; Pesquisa r\u00e1pida para Influenza A e B<br \/>\n&#8211; PCR em tempo real para os v\u00edrus Influenza A e B<br \/>\n&#8211; Pesquisa r\u00e1pida para V\u00edrus Sincicial Respirat\u00f3rio<br \/>\n&#8211; PCR em tempo real para V\u00edrus Sincicial Respirat\u00f3rio:<\/p>\n<p>\u201cA ANS permanece atenta \u00e0s mudan\u00e7as no cen\u00e1rio do enfrentamento da Covid-19 e est\u00e1 alinhada aos protocolos do Minist\u00e9rio da Sa\u00fade. A maioria dos testes diagn\u00f3sticos citados nas diretrizes do \u00f3rg\u00e3o j\u00e1 s\u00e3o de cobertura obrigat\u00f3ria no \u00e2mbito da sa\u00fade suplementar. No entanto, observamos que alguns testes destinados \u00e0 aten\u00e7\u00e3o de pacientes graves, que podem impactar na conduta terap\u00eautica, n\u00e3o estavam listados no rol de coberturas m\u00ednimas dos planos de sa\u00fade ou, quando j\u00e1 inclu\u00eddos, n\u00e3o contemplavam pacientes com quadro suspeito ou confirmado da Covid-19. Dessa forma, estamos incluindo esses exames para ampliar as possibilidades de diagn\u00f3stico e, assim, buscar uma resposta mais r\u00e1pida e efetiva para salvar vidas\u201d, explica o diretor-presidente substituto da ANS, Rog\u00e9rio Scarabel.<\/p>\n<p>Esta \u00e9 a segunda inclus\u00e3o extraordin\u00e1ria de procedimentos relacionados ao novo Coronav\u00edrus no Rol de Procedimentos da ANS. Desde o dia 13\/03, os planos de sa\u00fade s\u00e3o obrigados a cobrir o exame Pesquisa por RT-PCR, teste laboratorial considerado padr\u00e3o ouro para o diagn\u00f3stico da infec\u00e7\u00e3o pela Covid-19.<\/p>\n<p>Veja mais em <a href=\"http:\/\/www.ans.gov.br\/aans\/noticias-ans\/coronavirus-covid-19\/coronavirus-todas-as-noticias\/5546-ans-inclui-mais-seis-exames-no-rol-de-coberturas-obrigatorias-para-auxiliar-na-deteccao-do-novo-coronavirus?fbclid=IwAR3l-mbXxr6aMX57ceBw6Spb-rmZm_-ZV5vQXttIB9ht8U02GeLQO1scBI4\" target=\"_blank\" rel=\"noopener nofollow\" data-ft=\"{&quot;tn&quot;:&quot;-U&quot;}\" data-lynx-mode=\"async\" data-lynx-uri=\"https:\/\/l.facebook.com\/l.php?u=http%3A%2F%2Fwww.ans.gov.br%2Faans%2Fnoticias-ans%2Fcoronavirus-covid-19%2Fcoronavirus-todas-as-noticias%2F5546-ans-inclui-mais-seis-exames-no-rol-de-coberturas-obrigatorias-para-auxiliar-na-deteccao-do-novo-coronavirus%3Ffbclid%3DIwAR3l-mbXxr6aMX57ceBw6Spb-rmZm_-ZV5vQXttIB9ht8U02GeLQO1scBI4&amp;h=AT2SZuBw-GeAB-_UShPeRtwiz4w9nJI2URR4do-_S0KbqmKYxpgiWB5iWeRCHIsbIY99n7GIFHovMJgorVS6xx9DqNp-od2BQQQ0kx3lCvSLKW8I9wllXMTu_EaMcG1SwFxtPEitXiypl7wX_OPtCGAJcO3iZMl_JBtiERVlBgdeFZdliUGM0TG83cDGvBSIQVJBXGM8YVBmGNvY1TCIMVH7Ix9v-YeCpXMoR3OtPDF4nsLpvZdFJSLWMly1TsgC99Op5FjFFHu-SruLnxuu2ZQOKoWJEfiUXkUyAjD2nwltdanOB6ofcqSXrTPVJXnomjqhL5cIIcoq2_Pmm1wVv2BYQYP2_bdSy1rBEajbRSUoG1y4qKYIWiiA3Kl7g3ZLETLHkY3fUzj7UxJzE1zShU-DiFVvSpp4Moy45yH4ng-jsDCIkbaLtpx-w0lUvv9TUrKukwlXk_vo5MEWO2YPl8QrU4-SYMmdeqBEOtbDkJuV1GjlNhlVERv1VSygRU7CaUw6vMtAK_BlarpXnCYi8mAqn-HHCoroKWh_NQZ9kdLYuvaM74swmI790ZjfWGxqZHfWkIwFLQRx6JPqEZYBSGe-1uBrXjvLXmKUa8Y5LjN6QPuEDtV1NpuBwbSGSTvM\">http:\/\/www.ans.gov.br\/\u2026\/5546-ans-inclui-mais-seis-exames-no\u2026<\/a><\/p>\n<p><a class=\"_58cn\" href=\"https:\/\/business.facebook.com\/hashtag\/advogados?source=feed_text&amp;epa=HASHTAG&amp;__xts__%5B0%5D=68.ARAxlUVGme-uiUp8lQKQTO2-2trzrNRjVSTXH_D_o-bKc1DNrcVWE3G2c4UHufTWP16-JuaFp0ZXSBoHqQYdtiUiPeKOTPH4_SqQRkz7U_boJBc_9CZnyjZKcxHP4aQ63mnkOu661RRbgmJxPpy3-Tx-8RmCJKebtQ7Kb0Mu3zKft-kKY5WTdNa_2ecxlE7KT5WwkuXDXivgIaFSIa7jiIX5VOLz2k2tTJUNBEUzdSu0-gi02GlvbFJV8vNr8icT1ZIxkEe8umjpLpHSoUWWSsNwWkph14tVwRVW4h5MedbJSv287tQUsBEwOjfPVxB_k9fRgfoH57UYDkvpz2LbEno&amp;__tn__=%2ANK-R\" data-ft=\"{&quot;type&quot;:104,&quot;tn&quot;:&quot;*N&quot;}\"><span class=\"_5afx\"><span class=\"_58cl _5afz\">#<\/span><span class=\"_58cm\">Advogados<\/span><\/span><\/a> <a class=\"_58cn\" href=\"https:\/\/business.facebook.com\/hashtag\/advocacia?source=feed_text&amp;epa=HASHTAG&amp;__xts__%5B0%5D=68.ARAxlUVGme-uiUp8lQKQTO2-2trzrNRjVSTXH_D_o-bKc1DNrcVWE3G2c4UHufTWP16-JuaFp0ZXSBoHqQYdtiUiPeKOTPH4_SqQRkz7U_boJBc_9CZnyjZKcxHP4aQ63mnkOu661RRbgmJxPpy3-Tx-8RmCJKebtQ7Kb0Mu3zKft-kKY5WTdNa_2ecxlE7KT5WwkuXDXivgIaFSIa7jiIX5VOLz2k2tTJUNBEUzdSu0-gi02GlvbFJV8vNr8icT1ZIxkEe8umjpLpHSoUWWSsNwWkph14tVwRVW4h5MedbJSv287tQUsBEwOjfPVxB_k9fRgfoH57UYDkvpz2LbEno&amp;__tn__=%2ANK-R\" data-ft=\"{&quot;type&quot;:104,&quot;tn&quot;:&quot;*N&quot;}\"><span class=\"_5afx\"><span class=\"_58cl _5afz\">#<\/span><span class=\"_58cm\">Advocacia<\/span><\/span><\/a> <a class=\"_58cn\" href=\"https:\/\/business.facebook.com\/hashtag\/cvradvocacia?source=feed_text&amp;epa=HASHTAG&amp;__xts__%5B0%5D=68.ARAxlUVGme-uiUp8lQKQTO2-2trzrNRjVSTXH_D_o-bKc1DNrcVWE3G2c4UHufTWP16-JuaFp0ZXSBoHqQYdtiUiPeKOTPH4_SqQRkz7U_boJBc_9CZnyjZKcxHP4aQ63mnkOu661RRbgmJxPpy3-Tx-8RmCJKebtQ7Kb0Mu3zKft-kKY5WTdNa_2ecxlE7KT5WwkuXDXivgIaFSIa7jiIX5VOLz2k2tTJUNBEUzdSu0-gi02GlvbFJV8vNr8icT1ZIxkEe8umjpLpHSoUWWSsNwWkph14tVwRVW4h5MedbJSv287tQUsBEwOjfPVxB_k9fRgfoH57UYDkvpz2LbEno&amp;__tn__=%2ANK-R\" data-ft=\"{&quot;type&quot;:104,&quot;tn&quot;:&quot;*N&quot;}\"><span class=\"_5afx\"><span class=\"_58cl _5afz\">#<\/span><span class=\"_58cm\">CVRadvocacia<\/span><\/span><\/a> <a class=\"_58cn\" href=\"https:\/\/business.facebook.com\/hashtag\/covid19?source=feed_text&amp;epa=HASHTAG&amp;__xts__%5B0%5D=68.ARAxlUVGme-uiUp8lQKQTO2-2trzrNRjVSTXH_D_o-bKc1DNrcVWE3G2c4UHufTWP16-JuaFp0ZXSBoHqQYdtiUiPeKOTPH4_SqQRkz7U_boJBc_9CZnyjZKcxHP4aQ63mnkOu661RRbgmJxPpy3-Tx-8RmCJKebtQ7Kb0Mu3zKft-kKY5WTdNa_2ecxlE7KT5WwkuXDXivgIaFSIa7jiIX5VOLz2k2tTJUNBEUzdSu0-gi02GlvbFJV8vNr8icT1ZIxkEe8umjpLpHSoUWWSsNwWkph14tVwRVW4h5MedbJSv287tQUsBEwOjfPVxB_k9fRgfoH57UYDkvpz2LbEno&amp;__tn__=%2ANK-R\" data-ft=\"{&quot;type&quot;:104,&quot;tn&quot;:&quot;*N&quot;}\"><span class=\"_5afx\"><span class=\"_58cl _5afz\">#<\/span><span class=\"_58cm\">Covid19<\/span><\/span><\/a> <a class=\"_58cn\" href=\"https:\/\/business.facebook.com\/hashtag\/sa\u00fade?source=feed_text&amp;epa=HASHTAG&amp;__xts__%5B0%5D=68.ARAxlUVGme-uiUp8lQKQTO2-2trzrNRjVSTXH_D_o-bKc1DNrcVWE3G2c4UHufTWP16-JuaFp0ZXSBoHqQYdtiUiPeKOTPH4_SqQRkz7U_boJBc_9CZnyjZKcxHP4aQ63mnkOu661RRbgmJxPpy3-Tx-8RmCJKebtQ7Kb0Mu3zKft-kKY5WTdNa_2ecxlE7KT5WwkuXDXivgIaFSIa7jiIX5VOLz2k2tTJUNBEUzdSu0-gi02GlvbFJV8vNr8icT1ZIxkEe8umjpLpHSoUWWSsNwWkph14tVwRVW4h5MedbJSv287tQUsBEwOjfPVxB_k9fRgfoH57UYDkvpz2LbEno&amp;__tn__=%2ANK-R\" data-ft=\"{&quot;type&quot;:104,&quot;tn&quot;:&quot;*N&quot;}\"><span class=\"_5afx\"><span class=\"_58cl _5afz\">#<\/span><span class=\"_58cm\">Sa\u00fade<\/span><\/span><\/a><\/p>\n<p>Experi\u00eancia e tradi\u00e7\u00e3o na advocacia desde 1974.<br \/>\n<a href=\"https:\/\/l.facebook.com\/l.php?u=http%3A%2F%2Fwww.celestinoadv.com.br%2F%3Ffbclid%3DIwAR2wKPJPNVnJE11lqccPOR51MX9gFxFBLRGwJgyTcV7V5e1DSRFaTC0lq6c&amp;h=AT0l4g1sPeJPsS9xBmc9oCV9zPRU221em8oaD4_nzLLegADq7j2Ezazh0m1ZARIz2z7XOccGSZwhoz9WZwTnjz35HnDy7P7o8410HA3Y3X9-rPxK1uSf49CGuJJpC0AGsF4mCM65aV4Hyc-gjsUQop8eb8Xxx7xlzQ9RzGQ7AN5NOWSPi0uljdfFfnZKLezBJSKovc8PnGRVb8S1iTKVJYPYfnY0Qpwo8vDoeR1lPqq69DE6UEs4Q2WyfkcEpYO05RqryMQeyeYXaACOTT_fpkr1xw6bbGIcDvDroXn6Z0soB7W0bdFiIxEY65PsA9wTVf-HVJxRyBKb60WNZ8vZBIZJTztUMnCarzLKyWk1IAbhLDc_d4gH9gIPLNbq3So_LkOjnjtn8RutpeqBogwu_NHaZjJIk4_BCctS_ouIsezT-VQl89ZL3QSW8KhvWsZhbLn9SuoOKQAHV25gaTHFa0jR65cPmuqPkdg0gA1PT5tIcT2NSXLxGLfbJJ9Yz_oic2JOuNjsmVqpCmlryC8pmbjXQnvbybo-Qhb0U8mEealfh5EvKSldLiPybcEfA1aZA79s3xZ7KY9eAmUIkWcEozluZ2vHPx0nguhHppsqXl1TUPbkSZVd51t-SS-5rXTI\" target=\"_blank\" rel=\"noopener nofollow\" data-ft=\"{&quot;tn&quot;:&quot;-U&quot;}\" data-lynx-mode=\"async\">www.celestinoadv.com.br<\/a><\/p>\n<\/div>\n","protected":false},"excerpt":{"rendered":"<p>A Ag\u00eancia Nacional de Sa\u00fade Suplementar (ANS) incluiu mais seis exames que auxiliam no diagn\u00f3stico e tratamento do novo Coronav\u00edrus na lista de coberturas obrigat\u00f3rias dos planos de sa\u00fade. A decis\u00e3o foi tomada pela Diretoria Colegiada em reuni\u00e3o realizada na quarta-feira (27\/05). A medida passa a valer em 29\/05, data de publica\u00e7\u00e3o da Resolu\u00e7\u00e3o Normativa [&hellip;]<\/p>\n","protected":false},"author":2,"featured_media":0,"comment_status":"closed","ping_status":"closed","sticky":false,"template":"","format":"standard","meta":{"om_disable_all_campaigns":false,"_monsterinsights_skip_tracking":false,"_monsterinsights_sitenote_active":false,"_monsterinsights_sitenote_note":"","_monsterinsights_sitenote_category":0,"footnotes":""},"categories":[85],"tags":[],"class_list":["post-443","post","type-post","status-publish","format-standard","hentry","category-previdenciario"],"aioseo_notices":[],"_links":{"self":[{"href":"https:\/\/celestinoadv.com.br\/blog\/wp-json\/wp\/v2\/posts\/443","targetHints":{"allow":["GET"]}}],"collection":[{"href":"https:\/\/celestinoadv.com.br\/blog\/wp-json\/wp\/v2\/posts"}],"about":[{"href":"https:\/\/celestinoadv.com.br\/blog\/wp-json\/wp\/v2\/types\/post"}],"author":[{"embeddable":true,"href":"https:\/\/celestinoadv.com.br\/blog\/wp-json\/wp\/v2\/users\/2"}],"replies":[{"embeddable":true,"href":"https:\/\/celestinoadv.com.br\/blog\/wp-json\/wp\/v2\/comments?post=443"}],"version-history":[{"count":1,"href":"https:\/\/celestinoadv.com.br\/blog\/wp-json\/wp\/v2\/posts\/443\/revisions"}],"predecessor-version":[{"id":628,"href":"https:\/\/celestinoadv.com.br\/blog\/wp-json\/wp\/v2\/posts\/443\/revisions\/628"}],"wp:attachment":[{"href":"https:\/\/celestinoadv.com.br\/blog\/wp-json\/wp\/v2\/media?parent=443"}],"wp:term":[{"taxonomy":"category","embeddable":true,"href":"https:\/\/celestinoadv.com.br\/blog\/wp-json\/wp\/v2\/categories?post=443"},{"taxonomy":"post_tag","embeddable":true,"href":"https:\/\/celestinoadv.com.br\/blog\/wp-json\/wp\/v2\/tags?post=443"}],"curies":[{"name":"wp","href":"https:\/\/api.w.org\/{rel}","templated":true}]}}