{"id":412,"date":"2020-05-14T06:00:46","date_gmt":"2020-05-14T09:00:46","guid":{"rendered":"http:\/\/celestinoadv.com.br\/site\/?p=412"},"modified":"2022-09-29T13:13:49","modified_gmt":"2022-09-29T16:13:49","slug":"contribuicoes-sindicais","status":"publish","type":"post","link":"https:\/\/celestinoadv.com.br\/blog\/contribuicoes-sindicais\/","title":{"rendered":"Contribui\u00e7\u00f5es sindicais"},"content":{"rendered":"<h2>As contribui\u00e7\u00f5es sindicais vem sendo palco de grandes discuss\u00f5es e controv\u00e9rsias na esfera judicial.<!--more--><\/h2>\n<p>Isto porque, muitos sindicatos, atrav\u00e9s das mais variadas nomenclaturas, estabelecem diversas cobran\u00e7as como contribui\u00e7\u00e3o confederativa, taxa assistencial, contribui\u00e7\u00e3o retributiva, mensalidade sindical entre outras, gerando diversas d\u00favidas quanto a legalidade da cobran\u00e7a.<\/p>\n<p>Inobstante, essas contribui\u00e7\u00f5es sejam fruto de cl\u00e1usulas constantes na <a href=\"http:\/\/www.guiatrabalhista.com.br\/guia\/sindicato.htm\">Conven\u00e7\u00e3o Coletiva de Trabalho<\/a> a qual, a princ\u00edpio, foram aprovadas em assembleia geral, importante observar que a Constitui\u00e7\u00e3o Federal estabelece, por meio do art. 8\u00ba (caput) e inciso V do referido artigo, a livre a associa\u00e7\u00e3o sindical, ou seja, ningu\u00e9m ser\u00e1 obrigado a filiar-se ou manter-se filiado a sindicato.<\/p>\n<p>Nesse sentido, a\u00a0<a href=\"http:\/\/www.normaslegais.com.br\/legislacao\/Lei-13467-2017.htm\">Reforma Trabalhista<\/a>\u00a0trouxe significativa mudan\u00e7a quanto \u00e0 N\u00c3O obrigatoriedade do pagamento das contribui\u00e7\u00f5es sindicais.<\/p>\n<p>Por essa raz\u00e3o, entendemos que h\u00e1 de se respeitar os preceitos estabelecidos nos arts. 5\u00ba, XX e 8\u00ba, V, da Constitui\u00e7\u00e3o Federal, consoante j\u00e1 pacificado pelo<\/p>\n<p>Precedente Normativo 119, do C.TST: &#8220;Contribui\u00e7\u00f5es sindicais &#8211; Inobserv\u00e2ncia de preceitos constitucionais. A Constitui\u00e7\u00e3o da Rep\u00fablica, em seus arts. 5\u00ba, X e 8\u00ba, V, assegura o direito de livre associa\u00e7\u00e3o e sindicaliza\u00e7\u00e3o. \u00c9 ofensiva a essa modalidade de liberdade cl\u00e1usula constante de acordo, conven\u00e7\u00e3o coletiva ou senten\u00e7a normativa estabelecendo contribui\u00e7\u00e3o em favor de entidade sindical a t\u00edtulo de taxa para custeio do sistema confederativo, assistencial, revigoramento ou fortalecimento sindical e outros da mesma esp\u00e9cie, obrigando trabalhadores n\u00e3o sindicalizados. Sendo nulas as estipula\u00e7\u00f5es que inobservem tal restri\u00e7\u00e3o, tornam-se pass\u00edveis de devolu\u00e7\u00e3o os valores irregularmente descontados&#8221;.<\/p>\n<p>Por certo que embora os verbetes acima se refiram apenas a &#8220;trabalhadores n\u00e3o sindicalizados&#8221;, o entendimento se aplica tamb\u00e9m \u00e0s empresas n\u00e3o filiadas ao sindicato patronal, pois o artigo 8\u00ba, inciso V da CF n\u00e3o faz qualquer distin\u00e7\u00e3o quanto \u00e0 liberdade sindical garantida \u00e0 categoria econ\u00f4mica.<\/p>\n<p>Registre-se que a regular convoca\u00e7\u00e3o de assembleia geral de toda a categoria e n\u00e3o apenas dos empregados associados, ou ainda, a leg\u00edtima formaliza\u00e7\u00e3o de conven\u00e7\u00e3o coletiva, n\u00e3o bastam para respaldar a legitimidade de cobran\u00e7a dessas contribui\u00e7\u00f5es.<\/p>\n<p>De qualquer forma, em total desrespeito a legisla\u00e7\u00e3o vigente, os Sindicatos n\u00e3o s\u00f3 est\u00e3o efetuando as cobran\u00e7as das referidas contribui\u00e7\u00f5es, como tamb\u00e9m est\u00e3o negativando o nome das empresas junto ao SERASA em caso de aus\u00eancia de pagamento.<\/p>\n<p>Tal conduta, abrupta e arbitr\u00e1ria, est\u00e1 acarretando a condena\u00e7\u00e3o das entidades sindicais a indenizar as empresas por danos morais em raz\u00e3o da indevida inclus\u00e3o do nome dessas pessoas jur\u00eddicas junto aos \u00f3rg\u00e3os de prote\u00e7\u00e3o ao cr\u00e9dito.<\/p>\n<p>A vista do exposto, para melhor entendimento dos fatos acima narrados, citamos 02 (duas) recentes decis\u00f5es favor\u00e1veis conseguidas pelo nosso escrit\u00f3rio. Ambas relativas a contribui\u00e7\u00e3o sindical patronal.<\/p>\n<p>TRIBUNAL REGIONAL DO TRABALHO DA 2\u00aa REGI\u00c3O<br \/>\n7\u00aa Vara do Trabalho de Santos ||| ATSum 1001033-82.2019.5.02.0447<br \/>\nRECLAMANTE: FAMEX ASSESSORIA EM COMERCIO EXTERIOR LTDA<br \/>\nRECLAMADO: SINDICOMIS &#8211; SINDICATO DOS COMISSARIOS DE DESPACHOS, AGENTES DE CARGA E LOGISTICA DO ESTADO DE SAO PAULO<\/p>\n<p>2\u00aa Vara do Trabalho de Santos\/Juiz do Trabalho Titular<br \/>\nTutAntAnt 1000266-25.2020.5.02.0442 &#8211; Multa por Atraso de Contribui\u00e7\u00e3o Sindical<br \/>\nJ. J. SANTOS ASSESSORIA ADUANEIRA LTDA. X SINDICOMIS &#8211; SINDICATO DOS COMISSARIOS DE DESPACHOS, AGENTES DE CARGA E LOGISTICA DO ESTADO DE SAO PAULO<\/p>\n<p>Autor: Dr Marcello Frias<\/p>\n<p>#CVRCelestino #Advogado #Advogados #Sindicato #Contribui\u00e7\u00e3oSindical<br \/>\nExperi\u00eancia e tradi\u00e7\u00e3o na advocacia desde 1974.<br \/>\n<a href=\"http:\/\/www.celestinoadv.com.br\">www.celestinoadv.com.br<\/a><\/p>\n","protected":false},"excerpt":{"rendered":"<p>As contribui\u00e7\u00f5es sindicais vem sendo palco de grandes discuss\u00f5es e controv\u00e9rsias na esfera judicial.<\/p>\n","protected":false},"author":2,"featured_media":0,"comment_status":"closed","ping_status":"closed","sticky":false,"template":"","format":"standard","meta":{"om_disable_all_campaigns":false,"_monsterinsights_skip_tracking":false,"_monsterinsights_sitenote_active":false,"_monsterinsights_sitenote_note":"","_monsterinsights_sitenote_category":0,"footnotes":""},"categories":[82],"tags":[22,23,65,69],"class_list":["post-412","post","type-post","status-publish","format-standard","hentry","category-trabalhista","tag-contribuicoes-sindicais","tag-convencao-coletiva","tag-reforma-trabalhista","tag-sindicato"],"aioseo_notices":[],"_links":{"self":[{"href":"https:\/\/celestinoadv.com.br\/blog\/wp-json\/wp\/v2\/posts\/412","targetHints":{"allow":["GET"]}}],"collection":[{"href":"https:\/\/celestinoadv.com.br\/blog\/wp-json\/wp\/v2\/posts"}],"about":[{"href":"https:\/\/celestinoadv.com.br\/blog\/wp-json\/wp\/v2\/types\/post"}],"author":[{"embeddable":true,"href":"https:\/\/celestinoadv.com.br\/blog\/wp-json\/wp\/v2\/users\/2"}],"replies":[{"embeddable":true,"href":"https:\/\/celestinoadv.com.br\/blog\/wp-json\/wp\/v2\/comments?post=412"}],"version-history":[{"count":2,"href":"https:\/\/celestinoadv.com.br\/blog\/wp-json\/wp\/v2\/posts\/412\/revisions"}],"predecessor-version":[{"id":636,"href":"https:\/\/celestinoadv.com.br\/blog\/wp-json\/wp\/v2\/posts\/412\/revisions\/636"}],"wp:attachment":[{"href":"https:\/\/celestinoadv.com.br\/blog\/wp-json\/wp\/v2\/media?parent=412"}],"wp:term":[{"taxonomy":"category","embeddable":true,"href":"https:\/\/celestinoadv.com.br\/blog\/wp-json\/wp\/v2\/categories?post=412"},{"taxonomy":"post_tag","embeddable":true,"href":"https:\/\/celestinoadv.com.br\/blog\/wp-json\/wp\/v2\/tags?post=412"}],"curies":[{"name":"wp","href":"https:\/\/api.w.org\/{rel}","templated":true}]}}