{"id":391,"date":"2020-04-23T13:41:56","date_gmt":"2020-04-23T16:41:56","guid":{"rendered":"http:\/\/celestinoadv.com.br\/site\/?p=391"},"modified":"2022-09-29T13:12:06","modified_gmt":"2022-09-29T16:12:06","slug":"guarda-compartilhada-e-direito-de-visitas-em-tempo-de-pandemia-como-fica","status":"publish","type":"post","link":"https:\/\/celestinoadv.com.br\/blog\/guarda-compartilhada-e-direito-de-visitas-em-tempo-de-pandemia-como-fica\/","title":{"rendered":"Guarda compartilhada e direito de visitas em tempo de pandemia: como fica?"},"content":{"rendered":"<h2>Ainda que as crian\u00e7as n\u00e3o sejam do chamado grupo de risco, a Covid-19 \u00e9 nova e n\u00e3o sabemos as reais implica\u00e7\u00f5es, e, especialmente, o tempo que levar\u00e1 sua pandemia.<!--more--><\/h2>\n<p>Imaginar que esta crian\u00e7a conviva, em quaisquer dos lares, com pessoas idosas ou portadoras de doen\u00e7as que atinjam imunidade ou tendam a elevar o risco das complica\u00e7\u00f5es, compromete o cen\u00e1rio.<\/p>\n<p>Se a doen\u00e7a pr\u00e9-existente for da pr\u00f3pria crian\u00e7a, nem se fala.<\/p>\n<p>A profiss\u00e3o das pessoas com quem a crian\u00e7a convive, tamb\u00e9m impacta, sejam ou n\u00e3o profissionais da sa\u00fade. Afinal, o isolamento social foi uma orienta\u00e7\u00e3o e nem sempre trabalham apenas os envolvidos em servi\u00e7os essenciais.<\/p>\n<p>O fato \u00e9 que a altern\u00e2ncia entre a casa dos pais, pode ocasionar transmiss\u00e3o da doen\u00e7a.<\/p>\n<p>Por esta raz\u00e3o a quest\u00e3o do conv\u00edvio entre pais separados e filhos tem impacto imediato no Direito das Fam\u00edlias.<\/p>\n<p>Suspender ou modificar o regime normalmente praticado para a conviv\u00eancia desses pais separados \u00e9 uma realidade poss\u00edvel, desde que necess\u00e1ria, e vigorar\u00e1 por tempo determinado.<\/p>\n<p>A comunica\u00e7\u00e3o e afetividade entre pais e filhos \u00e9 relevante, n\u00e3o h\u00e1 d\u00favida. Mas deve ser pesada com sua integridade f\u00edsica e ps\u00edquica, algo que tamb\u00e9m \u00e9 buscado atrav\u00e9s da guarda e visita\u00e7\u00e3o estabelecida no seio de cada fam\u00edlia.<\/p>\n<p>A COVID-19 \u00e9 um estado de calamidade de forma que a lei n\u00e3o tem previs\u00e3o para essa situa\u00e7\u00e3o que estamos enfrentando.<\/p>\n<p>O bom-senso deve prevalecer, onde haja preserva\u00e7\u00e3o do melhor interesse do menor.<\/p>\n<p>Caso um acordo que resguarde o direito e sa\u00fade de todos n\u00e3o seja poss\u00edvel, o risco de cont\u00e1gio em cada caso concreto ser\u00e1 analisado para alcan\u00e7ar a melhor equa\u00e7\u00e3o entre o regime de guarda e a comunica\u00e7\u00e3o entre pais e filhos.<\/p>\n<p>Mesmo nos casos que demandem a medida extrema de conviv\u00eancia da crian\u00e7a com um \u00fanico genitor, regulamentar-se-\u00e1 meios virtuais de contato, via chamadas de \u00e1udio e v\u00eddeo, por exemplo. O contato eletr\u00f4nico precisa ser prestigiado, al\u00e9m de adequadamente delineado.<\/p>\n<p>De outro lado, uma vez impedidas as visitas durante a pandemia, \u00e9 poss\u00edvel estabelecer um regime de compensa\u00e7\u00e3o futura, conforme j\u00e1 decidiu a 3\u00aa C\u00e2mara de Direito Privado do TJSP, no Agravo n\u00ba 2058565-25\/2020.8.26.<\/p>\n<h4>Felizmente n\u00e3o h\u00e1 uma regra espec\u00edfica, porque em aten\u00e7\u00e3o \u00e0 sa\u00fade do menor e de todos que com ele convivem, toda adapta\u00e7\u00e3o \u00e9 v\u00e1lida para cumprimento do dever constitucional de prote\u00e7\u00e3o, inerente aos pais e a todos os operadores do direito.<\/h4>\n<p><strong>Autora: Daniela Garcia Mehringer de Azevedo<\/strong><\/p>\n","protected":false},"excerpt":{"rendered":"<p>Ainda que as crian\u00e7as n\u00e3o sejam do chamado grupo de risco, a Covid-19 \u00e9 nova e n\u00e3o sabemos as reais implica\u00e7\u00f5es, e, especialmente, o tempo que levar\u00e1 sua pandemia.<\/p>\n","protected":false},"author":2,"featured_media":0,"comment_status":"closed","ping_status":"closed","sticky":false,"template":"","format":"standard","meta":{"om_disable_all_campaigns":false,"_monsterinsights_skip_tracking":false,"_monsterinsights_sitenote_active":false,"_monsterinsights_sitenote_note":"","_monsterinsights_sitenote_category":0,"footnotes":""},"categories":[83],"tags":[5,25,33,34,42,60,67],"class_list":["post-391","post","type-post","status-publish","format-standard","hentry","category-familia-e-sucessoes","tag-advocacia","tag-covid19","tag-direito-das-familias","tag-direito-de-familia","tag-guarda-compartilhada","tag-pandemia","tag-regime-de-visitas"],"aioseo_notices":[],"_links":{"self":[{"href":"https:\/\/celestinoadv.com.br\/blog\/wp-json\/wp\/v2\/posts\/391","targetHints":{"allow":["GET"]}}],"collection":[{"href":"https:\/\/celestinoadv.com.br\/blog\/wp-json\/wp\/v2\/posts"}],"about":[{"href":"https:\/\/celestinoadv.com.br\/blog\/wp-json\/wp\/v2\/types\/post"}],"author":[{"embeddable":true,"href":"https:\/\/celestinoadv.com.br\/blog\/wp-json\/wp\/v2\/users\/2"}],"replies":[{"embeddable":true,"href":"https:\/\/celestinoadv.com.br\/blog\/wp-json\/wp\/v2\/comments?post=391"}],"version-history":[{"count":1,"href":"https:\/\/celestinoadv.com.br\/blog\/wp-json\/wp\/v2\/posts\/391\/revisions"}],"predecessor-version":[{"id":646,"href":"https:\/\/celestinoadv.com.br\/blog\/wp-json\/wp\/v2\/posts\/391\/revisions\/646"}],"wp:attachment":[{"href":"https:\/\/celestinoadv.com.br\/blog\/wp-json\/wp\/v2\/media?parent=391"}],"wp:term":[{"taxonomy":"category","embeddable":true,"href":"https:\/\/celestinoadv.com.br\/blog\/wp-json\/wp\/v2\/categories?post=391"},{"taxonomy":"post_tag","embeddable":true,"href":"https:\/\/celestinoadv.com.br\/blog\/wp-json\/wp\/v2\/tags?post=391"}],"curies":[{"name":"wp","href":"https:\/\/api.w.org\/{rel}","templated":true}]}}