{"id":376,"date":"2020-04-20T15:22:07","date_gmt":"2020-04-20T18:22:07","guid":{"rendered":"http:\/\/celestinoadv.com.br\/site\/?p=376"},"modified":"2022-09-29T13:13:25","modified_gmt":"2022-09-29T16:13:25","slug":"reuniao-sobre-a-aplicacao-da-videoconferencia-na-justica-do-trabalho","status":"publish","type":"post","link":"https:\/\/celestinoadv.com.br\/blog\/reuniao-sobre-a-aplicacao-da-videoconferencia-na-justica-do-trabalho\/","title":{"rendered":"Reuni\u00e3o sobre a aplica\u00e7\u00e3o da videoconfer\u00eancia na Justi\u00e7a do Trabalho"},"content":{"rendered":"<h2>Dr. Marcel Borges Ramos, representando a OAB Santos, em conversa com o Dr. Celso Peel, desembargador do TRT\/SP, para dirimir as d\u00favidas sobre a aplica\u00e7\u00e3o da videoconfer\u00eancia na Justi\u00e7a do Trabalho.<!--more--><\/h2>\n<p>&nbsp;<\/p>\n<p><iframe loading=\"lazy\" style=\"border: none; overflow: hidden;\" src=\"https:\/\/www.facebook.com\/plugins\/video.php?href=https%3A%2F%2Fwww.facebook.com%2Fcvrcelestino%2Fvideos%2F1111087299263597%2F&amp;show_text=0&amp;width=267\" width=\"350\" height=\"650\" frameborder=\"0\" scrolling=\"no\" allowfullscreen=\"allowfullscreen\"><\/iframe><\/p>\n<p>O TRT da 2\u00aa Regi\u00e3o regulamentou as audi\u00eancias e sess\u00f5es por videoconfer\u00eancia que devem passar a acontecer a partir do dia 04 de maio utilizando exclusivamente a Plataforma Emergencial de Videoconfer\u00eancia institu\u00edda pela Portaria n\u00ba 61\/2020 do Conselho Nacional de Justi\u00e7a (CNJ).<\/p>\n<p>#Advocacia #Advogado #Advogados #CVRCelestino #OABSantos @oab.santos<\/p>\n<p>Experi\u00eancia e tradi\u00e7\u00e3o na advocacia desde 1974.<br \/>\n<a href=\"http:\/\/www.celestinoadv.com.br\">www.celestinoadv.com.br<\/a><\/p>\n","protected":false},"excerpt":{"rendered":"<p>Dr. Marcel Borges Ramos, representando a OAB Santos, em conversa com o Dr. Celso Peel, desembargador do TRT\/SP, para dirimir as d\u00favidas sobre a aplica\u00e7\u00e3o da videoconfer\u00eancia na Justi\u00e7a do Trabalho.<\/p>\n","protected":false},"author":2,"featured_media":0,"comment_status":"closed","ping_status":"closed","sticky":false,"template":"","format":"standard","meta":{"om_disable_all_campaigns":false,"_monsterinsights_skip_tracking":false,"_monsterinsights_sitenote_active":false,"_monsterinsights_sitenote_note":"","_monsterinsights_sitenote_category":0,"footnotes":""},"categories":[82],"tags":[5,6,7,58],"class_list":["post-376","post","type-post","status-publish","format-standard","hentry","category-trabalhista","tag-advocacia","tag-advogado","tag-advogados","tag-oab-santos"],"aioseo_notices":[],"_links":{"self":[{"href":"https:\/\/celestinoadv.com.br\/blog\/wp-json\/wp\/v2\/posts\/376","targetHints":{"allow":["GET"]}}],"collection":[{"href":"https:\/\/celestinoadv.com.br\/blog\/wp-json\/wp\/v2\/posts"}],"about":[{"href":"https:\/\/celestinoadv.com.br\/blog\/wp-json\/wp\/v2\/types\/post"}],"author":[{"embeddable":true,"href":"https:\/\/celestinoadv.com.br\/blog\/wp-json\/wp\/v2\/users\/2"}],"replies":[{"embeddable":true,"href":"https:\/\/celestinoadv.com.br\/blog\/wp-json\/wp\/v2\/comments?post=376"}],"version-history":[{"count":1,"href":"https:\/\/celestinoadv.com.br\/blog\/wp-json\/wp\/v2\/posts\/376\/revisions"}],"predecessor-version":[{"id":648,"href":"https:\/\/celestinoadv.com.br\/blog\/wp-json\/wp\/v2\/posts\/376\/revisions\/648"}],"wp:attachment":[{"href":"https:\/\/celestinoadv.com.br\/blog\/wp-json\/wp\/v2\/media?parent=376"}],"wp:term":[{"taxonomy":"category","embeddable":true,"href":"https:\/\/celestinoadv.com.br\/blog\/wp-json\/wp\/v2\/categories?post=376"},{"taxonomy":"post_tag","embeddable":true,"href":"https:\/\/celestinoadv.com.br\/blog\/wp-json\/wp\/v2\/tags?post=376"}],"curies":[{"name":"wp","href":"https:\/\/api.w.org\/{rel}","templated":true}]}}