{"id":137,"date":"2017-02-22T17:17:47","date_gmt":"2017-02-22T20:17:47","guid":{"rendered":"http:\/\/celestinoadv.com.br\/site\/?p=137"},"modified":"2022-09-29T13:25:22","modified_gmt":"2022-09-29T16:25:22","slug":"trt-2a-regiao-afasta-laudo-pericial-que-condenava-transportadora-a-pagar-adicional-de-periculosidade-a-motorista-carreteiro","status":"publish","type":"post","link":"https:\/\/celestinoadv.com.br\/blog\/trt-2a-regiao-afasta-laudo-pericial-que-condenava-transportadora-a-pagar-adicional-de-periculosidade-a-motorista-carreteiro\/","title":{"rendered":"TRT \u2013 2\u00aa. REGI\u00c3O Afasta laudo pericial que condenava transportadora a pagar adicional de periculosidade a motorista carreteiro."},"content":{"rendered":"<p>&nbsp;<\/p>\n<p><img loading=\"lazy\" decoding=\"async\" class=\"alignnone wp-image-138\" src=\"http:\/\/celestinoadv.com.br\/site\/wp-content\/uploads\/2017\/02\/balan\u00e7a-300x296.jpg\" alt=\"balan\u00e7a\" width=\"313\" height=\"308\" \/><\/p>\n<p>&nbsp;<\/p>\n<p>Este tema vem preocupando os empres\u00e1rios do transporte, que est\u00e3o sofrendo condena\u00e7\u00f5es e aumentando o seu passivo trabalhista.<\/p>\n<p>Entenderam os Desembargadores da 15\u00aa. Turma do TRT da 2\u00aa. Regi\u00e3o em negar o referido Adicional ao motorista que permanecia por 15 a 20 minutos ao lado da bomba de combust\u00edvel quando o ve\u00edculo era abastecido.<\/p>\n<p>Embora o motorista carreteiro tivesse obtido resultado favor\u00e1vel em primeiro grau, por ter a empresa recorrido ao Tribunal, houve modifica\u00e7\u00e3o desta decis\u00e3o para afastar o direito ao recebimento dos 30% do sal\u00e1rio base, al\u00e9m dos reflexos em aviso pr\u00e9vio, f\u00e9rias com 1\/3, 13\u00ba. Sal\u00e1rio, horas extras e FGTS + 40%.<\/p>\n<p>Outro fato importante neste processo foi a negativa ao recebimento das Horas Extras em jornada apontada de 17 a 18 horas trabalhadas diariamente.<\/p>\n<p>Finalizando, apesar de outros pedidos feitos pelo motorista, todos foram negados e a reclamat\u00f3ria trabalhista (0001080-30.2015.5.02.0442), foi julgada inteiramente <strong>IMPROCEDENTE<\/strong>.<\/p>\n<p>&nbsp;<\/p>\n<p>&nbsp;<\/p>\n<p>Imagem: Pixabay<\/p>\n","protected":false},"excerpt":{"rendered":"<p>&nbsp; &nbsp; Este tema vem preocupando os empres\u00e1rios do transporte, que est\u00e3o sofrendo condena\u00e7\u00f5es e aumentando o seu passivo trabalhista. Entenderam os Desembargadores da 15\u00aa. Turma do TRT da 2\u00aa. Regi\u00e3o em negar o referido Adicional ao motorista que permanecia por 15 a 20 minutos ao lado da bomba de combust\u00edvel quando o ve\u00edculo era [&hellip;]<\/p>\n","protected":false},"author":2,"featured_media":0,"comment_status":"closed","ping_status":"closed","sticky":false,"template":"","format":"standard","meta":{"om_disable_all_campaigns":false,"_monsterinsights_skip_tracking":false,"_monsterinsights_sitenote_active":false,"_monsterinsights_sitenote_note":"","_monsterinsights_sitenote_category":0,"footnotes":""},"categories":[82],"tags":[],"class_list":["post-137","post","type-post","status-publish","format-standard","hentry","category-trabalhista"],"aioseo_notices":[],"_links":{"self":[{"href":"https:\/\/celestinoadv.com.br\/blog\/wp-json\/wp\/v2\/posts\/137","targetHints":{"allow":["GET"]}}],"collection":[{"href":"https:\/\/celestinoadv.com.br\/blog\/wp-json\/wp\/v2\/posts"}],"about":[{"href":"https:\/\/celestinoadv.com.br\/blog\/wp-json\/wp\/v2\/types\/post"}],"author":[{"embeddable":true,"href":"https:\/\/celestinoadv.com.br\/blog\/wp-json\/wp\/v2\/users\/2"}],"replies":[{"embeddable":true,"href":"https:\/\/celestinoadv.com.br\/blog\/wp-json\/wp\/v2\/comments?post=137"}],"version-history":[{"count":1,"href":"https:\/\/celestinoadv.com.br\/blog\/wp-json\/wp\/v2\/posts\/137\/revisions"}],"predecessor-version":[{"id":697,"href":"https:\/\/celestinoadv.com.br\/blog\/wp-json\/wp\/v2\/posts\/137\/revisions\/697"}],"wp:attachment":[{"href":"https:\/\/celestinoadv.com.br\/blog\/wp-json\/wp\/v2\/media?parent=137"}],"wp:term":[{"taxonomy":"category","embeddable":true,"href":"https:\/\/celestinoadv.com.br\/blog\/wp-json\/wp\/v2\/categories?post=137"},{"taxonomy":"post_tag","embeddable":true,"href":"https:\/\/celestinoadv.com.br\/blog\/wp-json\/wp\/v2\/tags?post=137"}],"curies":[{"name":"wp","href":"https:\/\/api.w.org\/{rel}","templated":true}]}}